{"id":87,"date":"2018-05-20T09:48:18","date_gmt":"2018-05-20T07:48:18","guid":{"rendered":"http:\/\/lesfollesjourneesdedavid.be\/?p=87"},"modified":"2018-05-20T10:26:27","modified_gmt":"2018-05-20T08:26:27","slug":"6eme-etape-trepail-fontaine-coole","status":"publish","type":"post","link":"https:\/\/lesfollesjourneesdedavid.be\/?p=87","title":{"rendered":"6\u00e8me \u00e9tape : Tr\u00e9pail &#8211; Fontaine\/Coole 57km 3h25"},"content":{"rendered":"<p>6\u00e8me \u00e9tape&#8230; 6h00 debout, douche, rangement des sacs, d\u00e9jeuner avec deux immenses bols de caf\u00e9, \u00e9criture sous le porche de la cour interieure, papote avec mon h\u00f4te et d\u00e9part \u00e0 9h15&#8230; \u00e0 la poursuite de mon coll\u00e8gue \u00e0 pied parti 45 min plut\u00f4t et qui a perdu un bracelet dans la douche&#8230; Celui-l\u00e0, il a pas d\u00fb suivre le bon chemin car je le verrai pas de la matin\u00e9e&#8230; Apr\u00e8s la descente des collines (montagne, c&#8217;est quand m\u00eame pr\u00e9somptueux), l&#8217;entr\u00e9e de la piste cyclable r\u00e9f\u00e9renc\u00e9e pr\u00e9sente plut\u00f4t l&#8217;aspect d&#8217;un sentier caillouteux&#8230; Il fait beau soleil mais vent du nord de c\u00f4t\u00e9, l&#8217;oreille gauche r\u00e9clamera rapidement le bonnet&#8230; J&#8217;irais donc \u00e0 Chalons-en-champagne par la d\u00e9partementale, pas tr\u00e8s charg\u00e9e d&#8217;ailleurs&#8230; en route, je me suis arr\u00eat\u00e9 \u00e0 l&#8217;h\u00e9bergement pr\u00e9sum\u00e9 de notre ami p\u00e8lerin pour y d\u00e9poser le bracelet&#8230; et \u00e0 midi et quelques, j&#8217;\u00e9tais devant la biblioth\u00e8que municipale&#8230; j&#8217;y passerai l&#8217;apr\u00e8s midi \u00e0 trier mes photos et \u00e0 essayer de comprendre comment les transf\u00e9rer pour \u00e9gayer mes posts et mon block&#8230; Alin, un employ\u00e9 m&#8217;a bien aid\u00e9&#8230; et co\u00efncidence, il est musicien dans les www.baronnichts.fr et se produira le 12 juillet \u00e0 La p\u00e9niche \u00e0 Li\u00e8ge&#8230; on s&#8217;y donne tous rdv?&#8230; ensuite, remplacement de ma besace de ceinture qui m&#8217;a l\u00e2ch\u00e9 au bout de 7ans de voyage divers&#8230; le g\u00e9rant du magasin m&#8217;aurait bien suivi s&#8217;il avait pu&#8230; un petit saut \u00e0 l&#8217;office du tourisme pour l&#8217;achat de carte postale car aucune de celle des boutiques du centre ne m&#8217;atirait&#8230; mais en me disant aussi que je flanais sans raison et qu&#8217;il y avait encore de la route&#8230; et puis, voil\u00e0 la raison&#8230; devant l&#8217;office, un homme heureux me tombe dans les bras parce qu&#8217;il avait retrouv\u00e9 son bracelet et pensait ne pas pouvoir me dire merci&#8230; C&#8217;est un cadeau de sa femme et il sait aper\u00e7u de sa perte \u00e0 quelques kilom\u00e8tres de sa halte, il pensait l&#8217;avoir perdu en chemin et \u00e9tait triste lorsqu&#8217;une fois arriv\u00e9, il a eu la surprise que le bracelet avait \u00e9t\u00e9 plus vite que lui&#8230; on a papot\u00e9 10min jusqu&#8217;\u00e0 ce que un autre p\u00e8lerin sorte de l&#8217;office&#8230; on l&#8217;a reconnu car il avait sur sa poitrine la plus grosse coquille argent\u00e9e en collier que j&#8217;ai jamais vu&#8230; un sourire en diapason de notre c\u00f4t\u00e9, pr\u00e8s \u00e0 engager la conversation, le monsieur ne bronche pas et \u00e9met un grognement pour nous signifier que nous nous trouvons devant son v\u00e9lo&#8230; Mon coll\u00e8gue perspicace \u00e0 l&#8217;accent l&#8217;interpelle en lui disant \u00abAre you Belgian\u00bb&#8230; la r\u00e9ponse fut une phrase \u00e9trangl\u00e9e disant \u00abnot Belgian, Flemish\u00bb&#8230; nous sommes \u00e9cart\u00e9, il est parti sans un regard&#8230; ce ne devait pas \u00eatre sa journ\u00e9e, je lui souhaite au fil du chemin de trouver joie, convivialit\u00e9, papote et sourire&#8230; il avait l&#8217;air d&#8217;en avoir besoin&#8230; et, puis, bon, il \u00e9tait temps de revenir \u00e0 nos moutons, ceux qui me regarde passer au bord du chemin&#8230; en plus, il fait tr\u00e8s agr\u00e9able pour faire du v\u00e9lo&#8230; un morceau de coul\u00e9e verte en bord de canal, une longue ligne droite au milieu des champs d&#8217;\u00e9olienne et me voil\u00e0 dans la vall\u00e9e de la Coole, quelques villages plus loin, me voici \u00e0 Fontaine sous coole \u00e0 18h30, 57km (aujourd&#8217;hui, j&#8217;en ai perdu 5 en route, pas compris!!!), 3h20&#8230; facile&#8230; acceilli par Mme Pelouard, ancienne agricultrice dans les c\u00e9r\u00e9ales, qui se r\u00e9v\u00e9lera une fameuse cuisini\u00e8re de l\u00e9gume issus de son jardin&#8230; douche, lessive (merci pour la machine et le parfum du linge propre), potage, plat, dessert, la soir\u00e9e avec le couple d&#8217;h\u00f4te se prolongera jusque 23h&#8230; temps pour moi de sonner la fin de la journ\u00e9e&#8230; ps : j&#8217;ai eu par un couple de p\u00e8lerin des nouvelles de Bert, mardi, \u00e0 10h30, il \u00e9tait toujours \u00e0 la table du g\u00eetes de Ch\u00e2teau-Porcien ou je l&#8217;avais quitt\u00e9 2h00 plus t\u00f4t&#8230; je me suis rappel\u00e9 qu&#8217;il m&#8217;avait dit vouloir \u00e9crire un livre&#8230; l&#8217;inspiration \u00e9tait surement l\u00e0 ce matin l\u00e0&#8230; le chemin aura attendu&#8230; buen camino&#8230;<\/p>\n","protected":false},"excerpt":{"rendered":"<p>6\u00e8me \u00e9tape&#8230; 6h00 debout, douche, rangement des sacs, d\u00e9jeuner avec deux immenses bols de caf\u00e9, \u00e9criture sous le porche de la cour interieure, papote avec mon h\u00f4te et d\u00e9part \u00e0 9h15&#8230; \u00e0 la poursuite de mon coll\u00e8gue \u00e0 pied parti [&hellip;]<\/p>\n","protected":false},"author":1,"featured_media":0,"comment_status":"open","ping_status":"open","sticky":false,"template":"","format":"standard","meta":{"footnotes":""},"categories":[1],"tags":[],"_links":{"self":[{"href":"https:\/\/lesfollesjourneesdedavid.be\/index.php?rest_route=\/wp\/v2\/posts\/87"}],"collection":[{"href":"https:\/\/lesfollesjourneesdedavid.be\/index.php?rest_route=\/wp\/v2\/posts"}],"about":[{"href":"https:\/\/lesfollesjourneesdedavid.be\/index.php?rest_route=\/wp\/v2\/types\/post"}],"author":[{"embeddable":true,"href":"https:\/\/lesfollesjourneesdedavid.be\/index.php?rest_route=\/wp\/v2\/users\/1"}],"replies":[{"embeddable":true,"href":"https:\/\/lesfollesjourneesdedavid.be\/index.php?rest_route=%2Fwp%2Fv2%2Fcomments&post=87"}],"version-history":[{"count":3,"href":"https:\/\/lesfollesjourneesdedavid.be\/index.php?rest_route=\/wp\/v2\/posts\/87\/revisions"}],"predecessor-version":[{"id":97,"href":"https:\/\/lesfollesjourneesdedavid.be\/index.php?rest_route=\/wp\/v2\/posts\/87\/revisions\/97"}],"wp:attachment":[{"href":"https:\/\/lesfollesjourneesdedavid.be\/index.php?rest_route=%2Fwp%2Fv2%2Fmedia&parent=87"}],"wp:term":[{"taxonomy":"category","embeddable":true,"href":"https:\/\/lesfollesjourneesdedavid.be\/index.php?rest_route=%2Fwp%2Fv2%2Fcategories&post=87"},{"taxonomy":"post_tag","embeddable":true,"href":"https:\/\/lesfollesjourneesdedavid.be\/index.php?rest_route=%2Fwp%2Fv2%2Ftags&post=87"}],"curies":[{"name":"wp","href":"https:\/\/api.w.org\/{rel}","templated":true}]}}