{"id":532,"date":"2022-07-22T12:45:55","date_gmt":"2022-07-22T10:45:55","guid":{"rendered":"http:\/\/lesfollesjourneesdedavid.be\/?p=532"},"modified":"2022-07-22T12:45:55","modified_gmt":"2022-07-22T10:45:55","slug":"j19-48-la-portela-de-valcrace-sarria","status":"publish","type":"post","link":"https:\/\/lesfollesjourneesdedavid.be\/?p=532","title":{"rendered":"J19 (48)&#8230; La portela de Valcrace &#8211; Sarria"},"content":{"rendered":"\n<p>J19 (48)\u2026 La portela de Valcrace &#8211; Sarria\u2026 64km\u2026 4h30\u2026 1040m de mont\u00e9e\u2026 Lev\u00e9, d\u00e9jeuner sur place et d\u00e9part pour l&#8217;\u00e9tape du O Cebreiro\u2026 Je ne la craint pas vraiment car m\u00eame si cela monte longtemps, via la nationale, c&#8217;est tr\u00e8s r\u00e9gulier et des pourcentages normaux\u2026 On a que 15km de mont\u00e9e\u2026 Seul soucis, depuis plusieurs jours, je n&#8217;arrive pas \u00e0 avoir un trac\u00e9 sur mes diff\u00e9rents mapping via la nationale\u2026 Syst\u00e9matiquement, ils me renvoient par des routes de montagnes\u2026 On a compris pourquoi apr\u00e8s 6-7km\u2026 La nationale est indiqu\u00e9e ferm\u00e9e \u00e0 un carrefour\u2026 On d\u00e9cid\u00e9 cependant de continuer\u2026 Puis, des habitants nous arr\u00eatent et nous expliquent que l&#8217;enti\u00e8ret\u00e9 de la route est arrach\u00e9e et que l&#8217;on ne passera ni \u00e0 v\u00e9lo, ni \u00e0 pied\u2026 On est au dernier embranchement possible\u2026 Franchement, j&#8217;ai h\u00e9sit\u00e9 \u00e0 aller voir mais la perspective de monter 4-5km inutilement pour faire demi tour m&#8217;a fait peur\u2026 Nous voil\u00e0 embarqu\u00e9 pour 7km sur une petite route de montagne avec le risque que les pourcentages soit trop important pour mon v\u00e9lo\u2026 Le pectre de 2018 o\u00f9 j&#8217;avais cass\u00e9 dans ces m\u00eame routes suite \u00e0 une erreur de direction est pr\u00e9sent aussi\u2026 Tr\u00e8s vite, je suis condamn\u00e9 \u00e0 descendre, pousser, marcher \u00e0 c\u00f4t\u00e9 pendant que Florian et Nicolas se relaient pour venir me chercher\u2026 Remonter sur la selle d\u00e8s que cela monte moins fort\u2026 On a tenu 3km et puis, un bruit bizarre et j&#8217;ai vite compris que c&#8217;\u00e9tait fini\u2026 Il a suffit que je dise que j&#8217;arr\u00eatais la prochaine camionnette pour essayer de monter dedans pour que Jacob et son taxi 7 places arrivent avec son transport de bagage\u2026 Je l&#8217;arr\u00eate, lui explique\u2026 Il me propose de charger le v\u00e9lo, mes sacs et moi\u2026 me monte O Cebreiro et ne veux rien une fois l\u00e0\u2026 Mes boys continue et me rejoindront par la suite\u2026 O Cebreiro, je trouve un r\u00e9parateur v\u00e9lo qui, h\u00e9las, n&#8217;y conna\u00eet rien en \u00e9lectrique\u2026 mais me conseille un nom \u00e0 Sarria \u00e0 plus ou moins 50km sur le chemin\u2026 Ana qui travaille avec Jacob a le temps de m&#8217;y conduire\u2026 Tarif taxi cette fois ci\u2026 Les fils se mettent en route mais je charge tous les sacs cette fois-ci\u2026 En route, Ana me confirmera que l&#8217;on n&#8217;aurait jamais pu passer par la nationale\u2026 On arrive \u00e0 Sarria \u00e0 13h29 juste avant la fermeture\u2026 Le r\u00e9parateur me dit cependant tout de suite qu&#8217;il n&#8217;y conna\u00eet rien mais renseigne \u00e0 Ana une autre adresse\u2026 Elle m&#8217;y d\u00e9pose devant une vitrine ferm\u00e9e qui doit rouvrir \u00e0 16h\u2026 Je d\u00e9charge tout dans l&#8217;entr\u00e9e, m&#8217;assied sur les sacs et remarque un num\u00e9ro d&#8217;urgence\u2026 J&#8217;essaye, Miguel me r\u00e9pond et, apr\u00e8s quelques minutes, me dit qu&#8217;il arrive\u2026 On passera 1h tout les 2 \u00e0 d\u00e9monter le moteur, le souffler et lui remette un petit coup de graisse\u2026 J&#8217;avais d\u00e9j\u00e0 test\u00e9 la batterie et j&#8217;avais peu d&#8217;espoir\u2026 Le probl\u00e8me est vraisemblablement dans l&#8217;\u00e9lectronique au niveau de la gestion de puissance\u2026 J&#8217;en ai rediscut\u00e9 le soir avec St\u00e9phane de V\u00e9lobac qui me pr\u00e9pare mon v\u00e9lo\u2026 Le pauvre passe ses cong\u00e9s \u00e0 se demander comment je vais arriver \u00e0 aller au-del\u00e0 de la technologie en lisant chaque jour mes posts\u2026 Une fois rentr\u00e9, on va essayer un autre matoss, cela finira bien par marcher\u2026 Bref, mon camino est fini\u2026 ou plut\u00f4t la fin va en \u00eatre differente\u2026 Florian et Nicolas m&#8217;ont rejoint\u2026 On a \u00e9t\u00e9 \u00e0 pied jusqu&#8217;\u00e0 une albergue\u2026 Chez Rapha\u00ebl qui parle fran\u00e7ais et nous a bien aid\u00e9\u2026 On a d\u00e9cid\u00e9 qu&#8217;ils finiraient le chemin, 120km en 2 jours\u2026 Moi, j&#8217;ai trouv\u00e9 un taxi pour me transporter \u00e0 Santiago\u2026 J&#8217;ai d\u00e9j\u00e0 une chambre r\u00e9serv\u00e9e\u2026 La soci\u00e9t\u00e9 pour renvoyer les v\u00e9los en Belgique est pr\u00e9venue\u2026 et nous pourrions avoir un bus de retour pour Bordeaux ce dimanche\u2026 Le O Cebreiro est d\u00e9cid\u00e9ment un juge pour moi et il sera \u00e9crit que je n&#8217;irais pas cette fois non plus au Finist\u00e8re que l&#8217;on comptait atteindre avant d&#8217;aller \u00e0 Santiago\u2026 Peut-\u00eatre que le sens est dans le fait que mes fils doivent finir le chemin \u00e0 deux sans moi\u2026 Je serais juste l\u00e0 pour les acceuillir sur la place demain vers midi\u2026 Buen camino\u2026<\/p>\n","protected":false},"excerpt":{"rendered":"<p>J19 (48)\u2026 La portela de Valcrace &#8211; Sarria\u2026 64km\u2026 4h30\u2026 1040m de mont\u00e9e\u2026 Lev\u00e9, d\u00e9jeuner sur place et d\u00e9part pour l&#8217;\u00e9tape du O Cebreiro\u2026 Je ne la craint pas vraiment car m\u00eame si cela monte longtemps, via la nationale, c&#8217;est [&hellip;]<\/p>\n","protected":false},"author":1,"featured_media":0,"comment_status":"open","ping_status":"open","sticky":false,"template":"","format":"standard","meta":{"footnotes":""},"categories":[1],"tags":[],"_links":{"self":[{"href":"https:\/\/lesfollesjourneesdedavid.be\/index.php?rest_route=\/wp\/v2\/posts\/532"}],"collection":[{"href":"https:\/\/lesfollesjourneesdedavid.be\/index.php?rest_route=\/wp\/v2\/posts"}],"about":[{"href":"https:\/\/lesfollesjourneesdedavid.be\/index.php?rest_route=\/wp\/v2\/types\/post"}],"author":[{"embeddable":true,"href":"https:\/\/lesfollesjourneesdedavid.be\/index.php?rest_route=\/wp\/v2\/users\/1"}],"replies":[{"embeddable":true,"href":"https:\/\/lesfollesjourneesdedavid.be\/index.php?rest_route=%2Fwp%2Fv2%2Fcomments&post=532"}],"version-history":[{"count":1,"href":"https:\/\/lesfollesjourneesdedavid.be\/index.php?rest_route=\/wp\/v2\/posts\/532\/revisions"}],"predecessor-version":[{"id":533,"href":"https:\/\/lesfollesjourneesdedavid.be\/index.php?rest_route=\/wp\/v2\/posts\/532\/revisions\/533"}],"wp:attachment":[{"href":"https:\/\/lesfollesjourneesdedavid.be\/index.php?rest_route=%2Fwp%2Fv2%2Fmedia&parent=532"}],"wp:term":[{"taxonomy":"category","embeddable":true,"href":"https:\/\/lesfollesjourneesdedavid.be\/index.php?rest_route=%2Fwp%2Fv2%2Fcategories&post=532"},{"taxonomy":"post_tag","embeddable":true,"href":"https:\/\/lesfollesjourneesdedavid.be\/index.php?rest_route=%2Fwp%2Fv2%2Ftags&post=532"}],"curies":[{"name":"wp","href":"https:\/\/api.w.org\/{rel}","templated":true}]}}