{"id":53,"date":"2018-05-15T21:22:01","date_gmt":"2018-05-15T19:22:01","guid":{"rendered":"http:\/\/lesfollesjourneesdedavid.be\/?p=53"},"modified":"2019-02-24T13:32:52","modified_gmt":"2019-02-24T12:32:52","slug":"4eme-etape-rocroi-chateau-porcien-668km-3h50","status":"publish","type":"post","link":"https:\/\/lesfollesjourneesdedavid.be\/?p=53","title":{"rendered":"4\u00e8me \u00e9tape : Rocroi &#8211; Ch\u00e2teau-Porcien 67km 3h50"},"content":{"rendered":"<p>4\u00e8me \u00e9tape&#8230; mieux g\u00e9r\u00e9e&#8230; D&#8217;abord, j&#8217;ai fait le tour des remparts dans un brouillard \u00e0 couper au couteau&#8230; Bref, j&#8217;ai rien vu, faudra y retourner \ud83d\ude04&#8230; Ensuite, longue papote avec Bernard, le b\u00e9n\u00e9vole&#8230; D\u00e9part en retard mais avec le premier rayon de soleil&#8230; 15 min plus tard route bloqu\u00e9e et d\u00e9viation&#8230; Du coup, je me suis retrouv\u00e9 \u00e0 traverser un domaine domanial superbe&#8230; \u00e0 croire que la d\u00e9viation \u00e9tait l\u00e0 juste pour cela&#8230; Papote dans les bois avec deux p\u00e8lerins allemands&#8230; Ils marchent jusque Tour, puis train pour Bordeaux et bateau jusque la Corogne&#8230; et ils devraient arriver \u00e0 Compostelle le m\u00eame jour que moi, le 25 juin&#8230; On sait donner rendez-vous l\u00e0-bas&#8230; On sait dit que l&#8217;on se reconna\u00eetra&#8230; Apr\u00e8s, petite erreur d&#8217;aiguillage et 10 km de route ou passe des camions&#8230; Certains sympas, d&#8217;autres moins&#8230; De toute fa\u00e7on, c&#8217;est truc non rien \u00e0 faire sur la route \u00e0 90 km\/h dans le monde de demain \ud83d\ude04&#8230; Lunch \u00e0 Signy l&#8217;abbaye ou comme son nom l&#8217;indique, il y eu une abbaye mais o\u00f9 il n&#8217;y a rien a voir&#8230; et la fin de la journ\u00e9e sur une route touristique des Porciens et de magnifiques anciennes halles \u00e0 grain&#8230; 66,8 km&#8230; 3h50&#8230; Arriv\u00e9e au g\u00eete de Ch\u00e2teau-Porcien&#8230; grand luxe&#8230; et rencontre de Bert, venant du nord des Pays-Bas&#8230; On vient de se faire un gueuleton, salade, \u0153ufs, lard, tortellini, olive, fromage, oignon frit pour 5\u20ac chacun&#8230; maintenant, repos&#8230; Buen camino&#8230; ps : l&#8217;\u00e9tape comprenait plus de descente 835m que de mont\u00e9e 563&#8230; cool&#8230;<\/p>\n<div id=\"attachment_319\" style=\"width: 235px\" class=\"wp-caption alignnone\"><img loading=\"lazy\" decoding=\"async\" aria-describedby=\"caption-attachment-319\" class=\"size-medium wp-image-319\" src=\"http:\/\/lesfollesjourneesdedavid.be\/wp-content\/uploads\/2019\/02\/2018-05-15_Compostelle_Paysage_001-225x300.jpg\" alt=\"\" width=\"225\" height=\"300\" srcset=\"https:\/\/lesfollesjourneesdedavid.be\/wp-content\/uploads\/2019\/02\/2018-05-15_Compostelle_Paysage_001-225x300.jpg 225w, https:\/\/lesfollesjourneesdedavid.be\/wp-content\/uploads\/2019\/02\/2018-05-15_Compostelle_Paysage_001-768x1024.jpg 768w\" sizes=\"(max-width: 225px) 100vw, 225px\" \/><p id=\"caption-attachment-319\" class=\"wp-caption-text\">Rempart de Rocroi<\/p><\/div>\n<div id=\"attachment_320\" style=\"width: 310px\" class=\"wp-caption alignnone\"><img loading=\"lazy\" decoding=\"async\" aria-describedby=\"caption-attachment-320\" class=\"size-medium wp-image-320\" src=\"http:\/\/lesfollesjourneesdedavid.be\/wp-content\/uploads\/2019\/02\/2018-05-15_Compostelle_Paysage_002-300x225.jpg\" alt=\"\" width=\"300\" height=\"225\" srcset=\"https:\/\/lesfollesjourneesdedavid.be\/wp-content\/uploads\/2019\/02\/2018-05-15_Compostelle_Paysage_002-300x225.jpg 300w, https:\/\/lesfollesjourneesdedavid.be\/wp-content\/uploads\/2019\/02\/2018-05-15_Compostelle_Paysage_002-768x576.jpg 768w, https:\/\/lesfollesjourneesdedavid.be\/wp-content\/uploads\/2019\/02\/2018-05-15_Compostelle_Paysage_002-1024x768.jpg 1024w, https:\/\/lesfollesjourneesdedavid.be\/wp-content\/uploads\/2019\/02\/2018-05-15_Compostelle_Paysage_002-400x300.jpg 400w\" sizes=\"(max-width: 300px) 100vw, 300px\" \/><p id=\"caption-attachment-320\" class=\"wp-caption-text\">D\u00e9viation<\/p><\/div>\n<div id=\"attachment_321\" style=\"width: 310px\" class=\"wp-caption alignnone\"><img loading=\"lazy\" decoding=\"async\" aria-describedby=\"caption-attachment-321\" class=\"size-medium wp-image-321\" src=\"http:\/\/lesfollesjourneesdedavid.be\/wp-content\/uploads\/2019\/02\/2018-05-15_Compostelle_Paysage_003-300x225.jpg\" alt=\"\" width=\"300\" height=\"225\" srcset=\"https:\/\/lesfollesjourneesdedavid.be\/wp-content\/uploads\/2019\/02\/2018-05-15_Compostelle_Paysage_003-300x225.jpg 300w, https:\/\/lesfollesjourneesdedavid.be\/wp-content\/uploads\/2019\/02\/2018-05-15_Compostelle_Paysage_003-768x576.jpg 768w, https:\/\/lesfollesjourneesdedavid.be\/wp-content\/uploads\/2019\/02\/2018-05-15_Compostelle_Paysage_003-1024x768.jpg 1024w, https:\/\/lesfollesjourneesdedavid.be\/wp-content\/uploads\/2019\/02\/2018-05-15_Compostelle_Paysage_003-400x300.jpg 400w\" sizes=\"(max-width: 300px) 100vw, 300px\" \/><p id=\"caption-attachment-321\" class=\"wp-caption-text\">Le chemin<\/p><\/div>\n<div id=\"attachment_322\" style=\"width: 310px\" class=\"wp-caption alignnone\"><img loading=\"lazy\" decoding=\"async\" aria-describedby=\"caption-attachment-322\" class=\"size-medium wp-image-322\" src=\"http:\/\/lesfollesjourneesdedavid.be\/wp-content\/uploads\/2019\/02\/2018-05-15_Compostelle_Paysage_004-300x225.jpg\" alt=\"\" width=\"300\" height=\"225\" srcset=\"https:\/\/lesfollesjourneesdedavid.be\/wp-content\/uploads\/2019\/02\/2018-05-15_Compostelle_Paysage_004-300x225.jpg 300w, https:\/\/lesfollesjourneesdedavid.be\/wp-content\/uploads\/2019\/02\/2018-05-15_Compostelle_Paysage_004-768x576.jpg 768w, https:\/\/lesfollesjourneesdedavid.be\/wp-content\/uploads\/2019\/02\/2018-05-15_Compostelle_Paysage_004-1024x768.jpg 1024w, https:\/\/lesfollesjourneesdedavid.be\/wp-content\/uploads\/2019\/02\/2018-05-15_Compostelle_Paysage_004-400x300.jpg 400w\" sizes=\"(max-width: 300px) 100vw, 300px\" \/><p id=\"caption-attachment-322\" class=\"wp-caption-text\">Le chemin<\/p><\/div>\n<div id=\"attachment_323\" style=\"width: 310px\" class=\"wp-caption alignnone\"><img loading=\"lazy\" decoding=\"async\" aria-describedby=\"caption-attachment-323\" class=\"size-medium wp-image-323\" src=\"http:\/\/lesfollesjourneesdedavid.be\/wp-content\/uploads\/2019\/02\/2018-05-15_Compostelle_Paysage_005-300x225.jpg\" alt=\"\" width=\"300\" height=\"225\" srcset=\"https:\/\/lesfollesjourneesdedavid.be\/wp-content\/uploads\/2019\/02\/2018-05-15_Compostelle_Paysage_005-300x225.jpg 300w, https:\/\/lesfollesjourneesdedavid.be\/wp-content\/uploads\/2019\/02\/2018-05-15_Compostelle_Paysage_005-768x576.jpg 768w, https:\/\/lesfollesjourneesdedavid.be\/wp-content\/uploads\/2019\/02\/2018-05-15_Compostelle_Paysage_005-1024x768.jpg 1024w, https:\/\/lesfollesjourneesdedavid.be\/wp-content\/uploads\/2019\/02\/2018-05-15_Compostelle_Paysage_005-400x300.jpg 400w\" sizes=\"(max-width: 300px) 100vw, 300px\" \/><p id=\"caption-attachment-323\" class=\"wp-caption-text\">Le chemin<\/p><\/div>\n<div id=\"attachment_324\" style=\"width: 235px\" class=\"wp-caption alignnone\"><img loading=\"lazy\" decoding=\"async\" aria-describedby=\"caption-attachment-324\" class=\"size-medium wp-image-324\" src=\"http:\/\/lesfollesjourneesdedavid.be\/wp-content\/uploads\/2019\/02\/2018-05-15_Compostelle_Paysage_006-225x300.jpg\" alt=\"\" width=\"225\" height=\"300\" srcset=\"https:\/\/lesfollesjourneesdedavid.be\/wp-content\/uploads\/2019\/02\/2018-05-15_Compostelle_Paysage_006-225x300.jpg 225w, https:\/\/lesfollesjourneesdedavid.be\/wp-content\/uploads\/2019\/02\/2018-05-15_Compostelle_Paysage_006-768x1024.jpg 768w\" sizes=\"(max-width: 225px) 100vw, 225px\" \/><p id=\"caption-attachment-324\" class=\"wp-caption-text\">Le chemin<\/p><\/div>\n<div id=\"attachment_325\" style=\"width: 310px\" class=\"wp-caption alignnone\"><img loading=\"lazy\" decoding=\"async\" aria-describedby=\"caption-attachment-325\" class=\"size-medium wp-image-325\" src=\"http:\/\/lesfollesjourneesdedavid.be\/wp-content\/uploads\/2019\/02\/2018-05-15_Compostelle_Paysage_007-300x225.jpg\" alt=\"\" width=\"300\" height=\"225\" srcset=\"https:\/\/lesfollesjourneesdedavid.be\/wp-content\/uploads\/2019\/02\/2018-05-15_Compostelle_Paysage_007-300x225.jpg 300w, https:\/\/lesfollesjourneesdedavid.be\/wp-content\/uploads\/2019\/02\/2018-05-15_Compostelle_Paysage_007-768x576.jpg 768w, https:\/\/lesfollesjourneesdedavid.be\/wp-content\/uploads\/2019\/02\/2018-05-15_Compostelle_Paysage_007-1024x768.jpg 1024w, https:\/\/lesfollesjourneesdedavid.be\/wp-content\/uploads\/2019\/02\/2018-05-15_Compostelle_Paysage_007-400x300.jpg 400w\" sizes=\"(max-width: 300px) 100vw, 300px\" \/><p id=\"caption-attachment-325\" class=\"wp-caption-text\">Une halle \u00e0 grain<\/p><\/div>\n<div id=\"attachment_327\" style=\"width: 235px\" class=\"wp-caption alignnone\"><img loading=\"lazy\" decoding=\"async\" aria-describedby=\"caption-attachment-327\" class=\"size-medium wp-image-327\" src=\"http:\/\/lesfollesjourneesdedavid.be\/wp-content\/uploads\/2019\/02\/2018-05-15_Compostelle_Paysage_009-225x300.jpg\" alt=\"\" width=\"225\" height=\"300\" srcset=\"https:\/\/lesfollesjourneesdedavid.be\/wp-content\/uploads\/2019\/02\/2018-05-15_Compostelle_Paysage_009-225x300.jpg 225w, https:\/\/lesfollesjourneesdedavid.be\/wp-content\/uploads\/2019\/02\/2018-05-15_Compostelle_Paysage_009-768x1024.jpg 768w\" sizes=\"(max-width: 225px) 100vw, 225px\" \/><p id=\"caption-attachment-327\" class=\"wp-caption-text\">Une halte dans la halle<\/p><\/div>\n<div id=\"attachment_328\" style=\"width: 235px\" class=\"wp-caption alignnone\"><img loading=\"lazy\" decoding=\"async\" aria-describedby=\"caption-attachment-328\" class=\"size-medium wp-image-328\" src=\"http:\/\/lesfollesjourneesdedavid.be\/wp-content\/uploads\/2019\/02\/2018-05-15_Compostelle_Paysage_010-225x300.jpg\" alt=\"\" width=\"225\" height=\"300\" srcset=\"https:\/\/lesfollesjourneesdedavid.be\/wp-content\/uploads\/2019\/02\/2018-05-15_Compostelle_Paysage_010-225x300.jpg 225w, https:\/\/lesfollesjourneesdedavid.be\/wp-content\/uploads\/2019\/02\/2018-05-15_Compostelle_Paysage_010-768x1024.jpg 768w\" sizes=\"(max-width: 225px) 100vw, 225px\" \/><p id=\"caption-attachment-328\" class=\"wp-caption-text\">Le chemin<\/p><\/div>\n<div id=\"attachment_329\" style=\"width: 310px\" class=\"wp-caption alignnone\"><img loading=\"lazy\" decoding=\"async\" aria-describedby=\"caption-attachment-329\" class=\"size-medium wp-image-329\" src=\"http:\/\/lesfollesjourneesdedavid.be\/wp-content\/uploads\/2019\/02\/2018-05-15_Compostelle_Paysage_011-300x225.jpg\" alt=\"\" width=\"300\" height=\"225\" srcset=\"https:\/\/lesfollesjourneesdedavid.be\/wp-content\/uploads\/2019\/02\/2018-05-15_Compostelle_Paysage_011-300x225.jpg 300w, https:\/\/lesfollesjourneesdedavid.be\/wp-content\/uploads\/2019\/02\/2018-05-15_Compostelle_Paysage_011-768x576.jpg 768w, https:\/\/lesfollesjourneesdedavid.be\/wp-content\/uploads\/2019\/02\/2018-05-15_Compostelle_Paysage_011-1024x768.jpg 1024w, https:\/\/lesfollesjourneesdedavid.be\/wp-content\/uploads\/2019\/02\/2018-05-15_Compostelle_Paysage_011-400x300.jpg 400w\" sizes=\"(max-width: 300px) 100vw, 300px\" \/><p id=\"caption-attachment-329\" class=\"wp-caption-text\">G\u00eete grand-luxe<\/p><\/div>\n","protected":false},"excerpt":{"rendered":"<p>4\u00e8me \u00e9tape&#8230; mieux g\u00e9r\u00e9e&#8230; D&#8217;abord, j&#8217;ai fait le tour des remparts dans un brouillard \u00e0 couper au couteau&#8230; Bref, j&#8217;ai rien vu, faudra y retourner \ud83d\ude04&#8230; Ensuite, longue papote avec Bernard, le b\u00e9n\u00e9vole&#8230; D\u00e9part en retard mais avec le premier [&hellip;]<\/p>\n","protected":false},"author":1,"featured_media":0,"comment_status":"open","ping_status":"open","sticky":false,"template":"","format":"standard","meta":{"footnotes":""},"categories":[1],"tags":[],"_links":{"self":[{"href":"https:\/\/lesfollesjourneesdedavid.be\/index.php?rest_route=\/wp\/v2\/posts\/53"}],"collection":[{"href":"https:\/\/lesfollesjourneesdedavid.be\/index.php?rest_route=\/wp\/v2\/posts"}],"about":[{"href":"https:\/\/lesfollesjourneesdedavid.be\/index.php?rest_route=\/wp\/v2\/types\/post"}],"author":[{"embeddable":true,"href":"https:\/\/lesfollesjourneesdedavid.be\/index.php?rest_route=\/wp\/v2\/users\/1"}],"replies":[{"embeddable":true,"href":"https:\/\/lesfollesjourneesdedavid.be\/index.php?rest_route=%2Fwp%2Fv2%2Fcomments&post=53"}],"version-history":[{"count":4,"href":"https:\/\/lesfollesjourneesdedavid.be\/index.php?rest_route=\/wp\/v2\/posts\/53\/revisions"}],"predecessor-version":[{"id":331,"href":"https:\/\/lesfollesjourneesdedavid.be\/index.php?rest_route=\/wp\/v2\/posts\/53\/revisions\/331"}],"wp:attachment":[{"href":"https:\/\/lesfollesjourneesdedavid.be\/index.php?rest_route=%2Fwp%2Fv2%2Fmedia&parent=53"}],"wp:term":[{"taxonomy":"category","embeddable":true,"href":"https:\/\/lesfollesjourneesdedavid.be\/index.php?rest_route=%2Fwp%2Fv2%2Fcategories&post=53"},{"taxonomy":"post_tag","embeddable":true,"href":"https:\/\/lesfollesjourneesdedavid.be\/index.php?rest_route=%2Fwp%2Fv2%2Ftags&post=53"}],"curies":[{"name":"wp","href":"https:\/\/api.w.org\/{rel}","templated":true}]}}