{"id":527,"date":"2022-07-22T12:42:26","date_gmt":"2022-07-22T10:42:26","guid":{"rendered":"http:\/\/lesfollesjourneesdedavid.be\/?p=527"},"modified":"2022-07-22T12:42:26","modified_gmt":"2022-07-22T10:42:26","slug":"j17-46-rabanal-del-camino-villa-franca-del-bierzo","status":"publish","type":"post","link":"https:\/\/lesfollesjourneesdedavid.be\/?p=527","title":{"rendered":"J17 (46)&#8230; Rabanal del Camino &#8211; Villa franca del Bierzo"},"content":{"rendered":"\n<p>J17 (46)\u2026 Rabanal del Camino &#8211; Villa franca del Bierzo\u2026 61km\u2026 3h08\u2026 656m de mont\u00e9e\u2026 On a dormi toutes fen\u00eatres ouvertes et il ne fait plus que 11 degr\u00e9s ce matin\u2026 On d\u00e9jeune vers 7h00 avant de partir pour franchir les montagnes de Galice\u2026 Le ciel est encore charg\u00e9 de suie au loin\u2026 Les paysages au sommet sont magnifiques\u2026 On passe au Cruz de Ferro qui sera le point culminant de notre chemin\u2026 Il est de tradition d&#8217;y d\u00e9poser un caillou pour symboliser ce qu&#8217;on veut laisser derri\u00e8re soi\u2026 Florian a d\u00e9cid\u00e9 de devenir transporteur de rocher\u2026 Ensuite, une descende de plus de 1000m nous am\u00e8ne \u00e0 Ponferada\u2026 Nous sommes \u00e0 moins de 200km de Santiago\u2026 et \u00e0 plus de 2200km de chez nous\u2026 Petit changement de p\u00e9dale \u00e0 Ponferada\u2026 Il semble que Florian appuie trop fort sur les siennes\u2026 On repart afin de se rapprocher au plus pr\u00e8s du O Cebreiro qui est la derni\u00e8re grosse difficult\u00e9 du chemin\u2026 Vu les multiples arr\u00eats de la journ\u00e9e, nous arriverons \u00e0 Villafranca del Bierzo vers 16h30\u2026 Fourbu\u2026 Les premiers g\u00eetes sont complets\u2026 J&#8217;arrive \u00e0 joindre quelqu&#8217;un qui parle fran\u00e7ais pour un g\u00eete dans un ancien hopital\u2026 qui le garanti un dortoir au rez-de-chauss\u00e9e\u2026 Cool\u2026 On fonce\u2026 Une fois sur place, le b\u00e2timent est \u00e9norme\u2026 La r\u00e9ceptionniste ne parle qu&#8217;Espagnol et nous parle de dortoir \u00e0 l&#8217;\u00e9tage\u2026 Elle m&#8217;explique que c&#8217;est la responsable qui a r\u00e9pondu d&#8217;un autre site et qui s&#8217;est tromp\u00e9\u2026 Elle va montr\u00e9 les escaliers \u00e0 Nicolas qui doute que je pourrais les monter mais on a pas vraiment le choix, ma batterie a rendu l&#8217;\u00e2me 10m devant le g\u00eete\u2026 Il y aurait des possibilit\u00e9s de chambres 2,5x plus cher acceccibles\u2026 Je le dis qu&#8217;on va d&#8217;abord essayer l&#8217;escalier\u2026 On fait le tour du b\u00e2timent qui permet en fait de monter de 2 niveaux, on installe les v\u00e9los, j&#8217;arrive devant l&#8217;escalier et je dois bien m&#8217;avouer vaincu vu la taille des marches\u2026 La r\u00e9ceptionniste arrive, je lui explique que je vais prendre des chambres et son visage change d&#8217;expression\u2026 Elle nous fait travers\u00e9 un labyrinthe dont des couleurs magnifiques et nous ouvre la porte d&#8217;un dortoir inoccup\u00e9 au bon niveau\u2026 Seulement pour nous car il n&#8217;est pas aux normes\u2026 Il est vrai qu&#8217;hormis une prise, les fils \u00e9lectriques pendent des murs et du plafond\u2026 Cela sent un peu la poussi\u00e8re mais les lits sont propres et on \u00e9t\u00e9 chang\u00e9\u2026 Signe que le lieu sert plus souvent qu&#8217;on ne voudrait le faire croire\u2026 Bref, nous y serons bien encore une fois\u2026 Buen camino\u2026<\/p>\n","protected":false},"excerpt":{"rendered":"<p>J17 (46)\u2026 Rabanal del Camino &#8211; Villa franca del Bierzo\u2026 61km\u2026 3h08\u2026 656m de mont\u00e9e\u2026 On a dormi toutes fen\u00eatres ouvertes et il ne fait plus que 11 degr\u00e9s ce matin\u2026 On d\u00e9jeune vers 7h00 avant de partir pour franchir [&hellip;]<\/p>\n","protected":false},"author":1,"featured_media":0,"comment_status":"open","ping_status":"open","sticky":false,"template":"","format":"standard","meta":{"footnotes":""},"categories":[1],"tags":[],"_links":{"self":[{"href":"https:\/\/lesfollesjourneesdedavid.be\/index.php?rest_route=\/wp\/v2\/posts\/527"}],"collection":[{"href":"https:\/\/lesfollesjourneesdedavid.be\/index.php?rest_route=\/wp\/v2\/posts"}],"about":[{"href":"https:\/\/lesfollesjourneesdedavid.be\/index.php?rest_route=\/wp\/v2\/types\/post"}],"author":[{"embeddable":true,"href":"https:\/\/lesfollesjourneesdedavid.be\/index.php?rest_route=\/wp\/v2\/users\/1"}],"replies":[{"embeddable":true,"href":"https:\/\/lesfollesjourneesdedavid.be\/index.php?rest_route=%2Fwp%2Fv2%2Fcomments&post=527"}],"version-history":[{"count":1,"href":"https:\/\/lesfollesjourneesdedavid.be\/index.php?rest_route=\/wp\/v2\/posts\/527\/revisions"}],"predecessor-version":[{"id":528,"href":"https:\/\/lesfollesjourneesdedavid.be\/index.php?rest_route=\/wp\/v2\/posts\/527\/revisions\/528"}],"wp:attachment":[{"href":"https:\/\/lesfollesjourneesdedavid.be\/index.php?rest_route=%2Fwp%2Fv2%2Fmedia&parent=527"}],"wp:term":[{"taxonomy":"category","embeddable":true,"href":"https:\/\/lesfollesjourneesdedavid.be\/index.php?rest_route=%2Fwp%2Fv2%2Fcategories&post=527"},{"taxonomy":"post_tag","embeddable":true,"href":"https:\/\/lesfollesjourneesdedavid.be\/index.php?rest_route=%2Fwp%2Fv2%2Ftags&post=527"}],"curies":[{"name":"wp","href":"https:\/\/api.w.org\/{rel}","templated":true}]}}