{"id":50,"date":"2018-05-14T20:27:26","date_gmt":"2018-05-14T18:27:26","guid":{"rendered":"http:\/\/lesfollesjourneesdedavid.be\/?p=50"},"modified":"2019-02-24T09:51:00","modified_gmt":"2019-02-24T08:51:00","slug":"3eme-etape-dinant-rocroi-79km-5h45","status":"publish","type":"post","link":"https:\/\/lesfollesjourneesdedavid.be\/?p=50","title":{"rendered":"3\u00e8me \u00e9tape : Dinant-Rocroi 79km 5h45"},"content":{"rendered":"<p>3\u00e8me \u00e9tape&#8230; trop grande&#8230; me suis tromp\u00e9 de 10km&#8230; 79 en tout&#8230; 670 m de d\u00e9nivel\u00e9&#8230; presque 6h&#8230; \u00e0 l&#8217;avenir, je limiterai&#8230; l&#8217;exp\u00e9rience&#8230; sinon, super parcours sur la voie verte entre les collines, au bord de la Meuse, puis d&#8217;une ligne de train&#8230; petite pens\u00e9e sp\u00e9ciale aux habitu\u00e9s des Rencontres \u00c9cologiques d&#8217;\u00e9t\u00e9 lors du passage \u00e0 Heer&#8230; la mont\u00e9e entre Revin et Rocroi s&#8217;appelle la vall\u00e9e de la mis\u00e8re&#8230; j&#8217;aurais du me m\u00e9fier&#8230; demain, je ferai un tour des remparts \u00e0 l&#8217;aube comme \u00e9chauffement&#8230; ce matin, on m&#8217;a appel\u00e9 pour la premi\u00e8re fois M. le p\u00e8lerin&#8230; je dois commencer \u00e0 avoir le look&#8230; on \u00e9tait 2 p\u00e8lerins au dejeuner, et 2 \u00e9tudiants, et 2 \u00e9crivains&#8230; belle rencontre&#8230; merci \u00e0 Marcus pour le passage d&#8217;\u00e9cluse, \u00e0 Jacques pour les indications \u00e0 Chooz&#8230; et \u00e0 tous les autres anonymes&#8230; \u00e0 Bernard pour l&#8217;acceuil au g\u00eete p\u00e8lerins de Rocroi&#8230; Bueno camino&#8230;<\/p>\n<div id=\"attachment_303\" style=\"width: 235px\" class=\"wp-caption alignnone\"><img loading=\"lazy\" decoding=\"async\" aria-describedby=\"caption-attachment-303\" class=\"size-medium wp-image-303\" src=\"http:\/\/lesfollesjourneesdedavid.be\/wp-content\/uploads\/2019\/02\/2018-05-14_Compostelle_Paysage_001-225x300.jpg\" alt=\"\" width=\"225\" height=\"300\" srcset=\"https:\/\/lesfollesjourneesdedavid.be\/wp-content\/uploads\/2019\/02\/2018-05-14_Compostelle_Paysage_001-225x300.jpg 225w, https:\/\/lesfollesjourneesdedavid.be\/wp-content\/uploads\/2019\/02\/2018-05-14_Compostelle_Paysage_001-768x1024.jpg 768w\" sizes=\"(max-width: 225px) 100vw, 225px\" \/><p id=\"caption-attachment-303\" class=\"wp-caption-text\">Premi\u00e8re coquille<\/p><\/div>\n<div id=\"attachment_305\" style=\"width: 235px\" class=\"wp-caption alignnone\"><img loading=\"lazy\" decoding=\"async\" aria-describedby=\"caption-attachment-305\" class=\"size-medium wp-image-305\" src=\"http:\/\/lesfollesjourneesdedavid.be\/wp-content\/uploads\/2019\/02\/2018-05-14_Compostelle_Paysage_003-225x300.jpg\" alt=\"\" width=\"225\" height=\"300\" srcset=\"https:\/\/lesfollesjourneesdedavid.be\/wp-content\/uploads\/2019\/02\/2018-05-14_Compostelle_Paysage_003-225x300.jpg 225w, https:\/\/lesfollesjourneesdedavid.be\/wp-content\/uploads\/2019\/02\/2018-05-14_Compostelle_Paysage_003-768x1024.jpg 768w\" sizes=\"(max-width: 225px) 100vw, 225px\" \/><p id=\"caption-attachment-305\" class=\"wp-caption-text\">Clin d\u2019\u0153il \u00e0 un ami<\/p><\/div>\n<div id=\"attachment_306\" style=\"width: 235px\" class=\"wp-caption alignnone\"><img loading=\"lazy\" decoding=\"async\" aria-describedby=\"caption-attachment-306\" class=\"size-medium wp-image-306\" src=\"http:\/\/lesfollesjourneesdedavid.be\/wp-content\/uploads\/2019\/02\/2018-05-14_Compostelle_Paysage_004-225x300.jpg\" alt=\"\" width=\"225\" height=\"300\" srcset=\"https:\/\/lesfollesjourneesdedavid.be\/wp-content\/uploads\/2019\/02\/2018-05-14_Compostelle_Paysage_004-225x300.jpg 225w, https:\/\/lesfollesjourneesdedavid.be\/wp-content\/uploads\/2019\/02\/2018-05-14_Compostelle_Paysage_004-768x1024.jpg 768w\" sizes=\"(max-width: 225px) 100vw, 225px\" \/><p id=\"caption-attachment-306\" class=\"wp-caption-text\">Chemin de Saint-Jacques<\/p><\/div>\n<div id=\"attachment_308\" style=\"width: 310px\" class=\"wp-caption alignnone\"><img loading=\"lazy\" decoding=\"async\" aria-describedby=\"caption-attachment-308\" class=\"size-medium wp-image-308\" src=\"http:\/\/lesfollesjourneesdedavid.be\/wp-content\/uploads\/2019\/02\/2018-05-14_Compostelle_Paysage_006-300x225.jpg\" alt=\"\" width=\"300\" height=\"225\" srcset=\"https:\/\/lesfollesjourneesdedavid.be\/wp-content\/uploads\/2019\/02\/2018-05-14_Compostelle_Paysage_006-300x225.jpg 300w, https:\/\/lesfollesjourneesdedavid.be\/wp-content\/uploads\/2019\/02\/2018-05-14_Compostelle_Paysage_006-768x576.jpg 768w, https:\/\/lesfollesjourneesdedavid.be\/wp-content\/uploads\/2019\/02\/2018-05-14_Compostelle_Paysage_006-1024x768.jpg 1024w, https:\/\/lesfollesjourneesdedavid.be\/wp-content\/uploads\/2019\/02\/2018-05-14_Compostelle_Paysage_006-400x300.jpg 400w\" sizes=\"(max-width: 300px) 100vw, 300px\" \/><p id=\"caption-attachment-308\" class=\"wp-caption-text\">D\u00e9j\u00e0 une fronti\u00e8re<\/p><\/div>\n<div id=\"attachment_309\" style=\"width: 310px\" class=\"wp-caption alignnone\"><img loading=\"lazy\" decoding=\"async\" aria-describedby=\"caption-attachment-309\" class=\"size-medium wp-image-309\" src=\"http:\/\/lesfollesjourneesdedavid.be\/wp-content\/uploads\/2019\/02\/2018-05-14_Compostelle_Paysage_007-300x225.jpg\" alt=\"\" width=\"300\" height=\"225\" srcset=\"https:\/\/lesfollesjourneesdedavid.be\/wp-content\/uploads\/2019\/02\/2018-05-14_Compostelle_Paysage_007-300x225.jpg 300w, https:\/\/lesfollesjourneesdedavid.be\/wp-content\/uploads\/2019\/02\/2018-05-14_Compostelle_Paysage_007-768x576.jpg 768w, https:\/\/lesfollesjourneesdedavid.be\/wp-content\/uploads\/2019\/02\/2018-05-14_Compostelle_Paysage_007-1024x768.jpg 1024w, https:\/\/lesfollesjourneesdedavid.be\/wp-content\/uploads\/2019\/02\/2018-05-14_Compostelle_Paysage_007-400x300.jpg 400w\" sizes=\"(max-width: 300px) 100vw, 300px\" \/><p id=\"caption-attachment-309\" class=\"wp-caption-text\">Le chemin<\/p><\/div>\n<div id=\"attachment_310\" style=\"width: 235px\" class=\"wp-caption alignnone\"><img loading=\"lazy\" decoding=\"async\" aria-describedby=\"caption-attachment-310\" class=\"size-medium wp-image-310\" src=\"http:\/\/lesfollesjourneesdedavid.be\/wp-content\/uploads\/2019\/02\/2018-05-14_Compostelle_Paysage_008-225x300.jpg\" alt=\"\" width=\"225\" height=\"300\" srcset=\"https:\/\/lesfollesjourneesdedavid.be\/wp-content\/uploads\/2019\/02\/2018-05-14_Compostelle_Paysage_008-225x300.jpg 225w, https:\/\/lesfollesjourneesdedavid.be\/wp-content\/uploads\/2019\/02\/2018-05-14_Compostelle_Paysage_008-768x1024.jpg 768w\" sizes=\"(max-width: 225px) 100vw, 225px\" \/><p id=\"caption-attachment-310\" class=\"wp-caption-text\">Le chemin<\/p><\/div>\n<div id=\"attachment_311\" style=\"width: 310px\" class=\"wp-caption alignnone\"><img loading=\"lazy\" decoding=\"async\" aria-describedby=\"caption-attachment-311\" class=\"size-medium wp-image-311\" src=\"http:\/\/lesfollesjourneesdedavid.be\/wp-content\/uploads\/2019\/02\/2018-05-14_Compostelle_Paysage_009-300x225.jpg\" alt=\"\" width=\"300\" height=\"225\" srcset=\"https:\/\/lesfollesjourneesdedavid.be\/wp-content\/uploads\/2019\/02\/2018-05-14_Compostelle_Paysage_009-300x225.jpg 300w, https:\/\/lesfollesjourneesdedavid.be\/wp-content\/uploads\/2019\/02\/2018-05-14_Compostelle_Paysage_009-768x576.jpg 768w, https:\/\/lesfollesjourneesdedavid.be\/wp-content\/uploads\/2019\/02\/2018-05-14_Compostelle_Paysage_009-1024x768.jpg 1024w, https:\/\/lesfollesjourneesdedavid.be\/wp-content\/uploads\/2019\/02\/2018-05-14_Compostelle_Paysage_009-400x300.jpg 400w\" sizes=\"(max-width: 300px) 100vw, 300px\" \/><p id=\"caption-attachment-311\" class=\"wp-caption-text\">Le chemin<\/p><\/div>\n<div id=\"attachment_313\" style=\"width: 310px\" class=\"wp-caption alignnone\"><img loading=\"lazy\" decoding=\"async\" aria-describedby=\"caption-attachment-313\" class=\"size-medium wp-image-313\" src=\"http:\/\/lesfollesjourneesdedavid.be\/wp-content\/uploads\/2019\/02\/2018-05-14_Compostelle_Paysage_011-300x225.jpg\" alt=\"\" width=\"300\" height=\"225\" srcset=\"https:\/\/lesfollesjourneesdedavid.be\/wp-content\/uploads\/2019\/02\/2018-05-14_Compostelle_Paysage_011-300x225.jpg 300w, https:\/\/lesfollesjourneesdedavid.be\/wp-content\/uploads\/2019\/02\/2018-05-14_Compostelle_Paysage_011-768x576.jpg 768w, https:\/\/lesfollesjourneesdedavid.be\/wp-content\/uploads\/2019\/02\/2018-05-14_Compostelle_Paysage_011-1024x768.jpg 1024w, https:\/\/lesfollesjourneesdedavid.be\/wp-content\/uploads\/2019\/02\/2018-05-14_Compostelle_Paysage_011-400x300.jpg 400w\" sizes=\"(max-width: 300px) 100vw, 300px\" \/><p id=\"caption-attachment-313\" class=\"wp-caption-text\">Le chemin<\/p><\/div>\n<div id=\"attachment_313\" style=\"width: 310px\" class=\"wp-caption alignnone\"><img loading=\"lazy\" decoding=\"async\" aria-describedby=\"caption-attachment-313\" class=\"size-medium wp-image-313\" src=\"http:\/\/lesfollesjourneesdedavid.be\/wp-content\/uploads\/2019\/02\/2018-05-14_Compostelle_Paysage_011-300x225.jpg\" alt=\"\" width=\"300\" height=\"225\" srcset=\"https:\/\/lesfollesjourneesdedavid.be\/wp-content\/uploads\/2019\/02\/2018-05-14_Compostelle_Paysage_011-300x225.jpg 300w, https:\/\/lesfollesjourneesdedavid.be\/wp-content\/uploads\/2019\/02\/2018-05-14_Compostelle_Paysage_011-768x576.jpg 768w, https:\/\/lesfollesjourneesdedavid.be\/wp-content\/uploads\/2019\/02\/2018-05-14_Compostelle_Paysage_011-1024x768.jpg 1024w, https:\/\/lesfollesjourneesdedavid.be\/wp-content\/uploads\/2019\/02\/2018-05-14_Compostelle_Paysage_011-400x300.jpg 400w\" sizes=\"(max-width: 300px) 100vw, 300px\" \/><p id=\"caption-attachment-313\" class=\"wp-caption-text\">Le chemin<\/p><\/div>\n","protected":false},"excerpt":{"rendered":"<p>3\u00e8me \u00e9tape&#8230; trop grande&#8230; me suis tromp\u00e9 de 10km&#8230; 79 en tout&#8230; 670 m de d\u00e9nivel\u00e9&#8230; presque 6h&#8230; \u00e0 l&#8217;avenir, je limiterai&#8230; l&#8217;exp\u00e9rience&#8230; sinon, super parcours sur la voie verte entre les collines, au bord de la Meuse, puis d&#8217;une [&hellip;]<\/p>\n","protected":false},"author":1,"featured_media":0,"comment_status":"open","ping_status":"open","sticky":false,"template":"","format":"standard","meta":{"footnotes":""},"categories":[1],"tags":[],"_links":{"self":[{"href":"https:\/\/lesfollesjourneesdedavid.be\/index.php?rest_route=\/wp\/v2\/posts\/50"}],"collection":[{"href":"https:\/\/lesfollesjourneesdedavid.be\/index.php?rest_route=\/wp\/v2\/posts"}],"about":[{"href":"https:\/\/lesfollesjourneesdedavid.be\/index.php?rest_route=\/wp\/v2\/types\/post"}],"author":[{"embeddable":true,"href":"https:\/\/lesfollesjourneesdedavid.be\/index.php?rest_route=\/wp\/v2\/users\/1"}],"replies":[{"embeddable":true,"href":"https:\/\/lesfollesjourneesdedavid.be\/index.php?rest_route=%2Fwp%2Fv2%2Fcomments&post=50"}],"version-history":[{"count":3,"href":"https:\/\/lesfollesjourneesdedavid.be\/index.php?rest_route=\/wp\/v2\/posts\/50\/revisions"}],"predecessor-version":[{"id":317,"href":"https:\/\/lesfollesjourneesdedavid.be\/index.php?rest_route=\/wp\/v2\/posts\/50\/revisions\/317"}],"wp:attachment":[{"href":"https:\/\/lesfollesjourneesdedavid.be\/index.php?rest_route=%2Fwp%2Fv2%2Fmedia&parent=50"}],"wp:term":[{"taxonomy":"category","embeddable":true,"href":"https:\/\/lesfollesjourneesdedavid.be\/index.php?rest_route=%2Fwp%2Fv2%2Fcategories&post=50"},{"taxonomy":"post_tag","embeddable":true,"href":"https:\/\/lesfollesjourneesdedavid.be\/index.php?rest_route=%2Fwp%2Fv2%2Ftags&post=50"}],"curies":[{"name":"wp","href":"https:\/\/api.w.org\/{rel}","templated":true}]}}