{"id":440,"date":"2021-07-06T07:15:02","date_gmt":"2021-07-06T05:15:02","guid":{"rendered":"http:\/\/lesfollesjourneesdedavid.be\/?p=440"},"modified":"2021-07-06T07:15:02","modified_gmt":"2021-07-06T05:15:02","slug":"j24-perigueux-fraisse","status":"publish","type":"post","link":"https:\/\/lesfollesjourneesdedavid.be\/?p=440","title":{"rendered":"J24&#8230; Perigueux- Fraisse"},"content":{"rendered":"\n<p>J24\u2026 Soleil d\u00e8s le matin\u2026 D\u00e9marrage en sandalettes, short et t-shirt\u2026 et la chemise car cela ne chauffe pas des masses\u2026 On s&#8217;est offert un vrai cadeau, une voie verte pendant 50  km au bord de la l&#8217;Isle\u2026 On l&#8217;a un peu cherch\u00e9 en d\u00e9marrant car elle est pas bien indiqu\u00e9e\u2026 C&#8217;est un groupe de 3 cyclistes qui nous a mis sur le bon chemin\u2026 dont un \u00e9tait justement un conseiller communal qui pousse au d\u00e9veloppement du v\u00e9lo\u2026 On a discut\u00e9 quelques km des am\u00e9liorations qu&#8217;il pouvait proposer pour que les cyclistes de passage en profitent un max\u2026 et leur voie verte est magnifique\u2026 90 km am\u00e9nag\u00e9, 17 aires de repos avec tables de pique-nique, jeux d&#8217;enfants et \u00e9quipements de sport pour les plus grands, des panneaux explicatifs et touristiques \u00e0 chaque village, une dizaine de passerelles pour traverser l&#8217;Isle au fur et \u00e0 mesure des m\u00e9andres\u2026 Cela rajoutait 14 km \u00e0 notre \u00e9tape mais quand on aime, on compte pas\u2026 Course \u00e0 Mussidan et deux belles c\u00f4tes pour arriver \u00e0 Fraisse chez M.et Mme Velau et leur fille\u2026 Une magnifique exploitation agricole au bout d&#8217;un cul de sac, au milieu des bois et des prairies\u2026 Acceuilli par Bucky le chien et Simba le chat qui n&#8217;arr\u00eateront pas de jouer ensemble dans le jardin\u2026 Petit g\u00eete magnifique construit dans une ancienne \u00e9table avec un coin repos-repas sous une vigne\u2026 On y terminera la soir\u00e9e en jouant aux cartes\u2026 Je suis toujours pr\u00e9sident et je gagne au Dannish maintenant\u2026 Petit \u00e0 petit, on commence \u00e0 penser au retour\u2026 On a commenc\u00e9 \u00e0 regarder les offres de trains-v\u00e9los\u2026 Il ne devrait pas y avoir de probl\u00e8me pour remonter jusque Paris \u00e0 partir de Bayonne\u2026 Petite discrimination typique, en ligne, on ne peut pas \u00eatre \u00e0 la fois handicap\u00e9 et transporter un v\u00e9lo\u2026 et c&#8217;est \u00e9crit noir sur blanc\u2026 Boiter ou p\u00e9daler, il faut choisir\u2026 On attendra d&#8217;\u00eatre proche d&#8217;une gare pour finaliser cela\u2026 On a encore du temps devant nous\u2026 Buen camino\u2026<\/p>\n","protected":false},"excerpt":{"rendered":"<p>J24\u2026 Soleil d\u00e8s le matin\u2026 D\u00e9marrage en sandalettes, short et t-shirt\u2026 et la chemise car cela ne chauffe pas des masses\u2026 On s&#8217;est offert un vrai cadeau, une voie verte pendant 50 km au bord de la l&#8217;Isle\u2026 On l&#8217;a [&hellip;]<\/p>\n","protected":false},"author":1,"featured_media":0,"comment_status":"open","ping_status":"open","sticky":false,"template":"","format":"standard","meta":{"footnotes":""},"categories":[1],"tags":[],"_links":{"self":[{"href":"https:\/\/lesfollesjourneesdedavid.be\/index.php?rest_route=\/wp\/v2\/posts\/440"}],"collection":[{"href":"https:\/\/lesfollesjourneesdedavid.be\/index.php?rest_route=\/wp\/v2\/posts"}],"about":[{"href":"https:\/\/lesfollesjourneesdedavid.be\/index.php?rest_route=\/wp\/v2\/types\/post"}],"author":[{"embeddable":true,"href":"https:\/\/lesfollesjourneesdedavid.be\/index.php?rest_route=\/wp\/v2\/users\/1"}],"replies":[{"embeddable":true,"href":"https:\/\/lesfollesjourneesdedavid.be\/index.php?rest_route=%2Fwp%2Fv2%2Fcomments&post=440"}],"version-history":[{"count":1,"href":"https:\/\/lesfollesjourneesdedavid.be\/index.php?rest_route=\/wp\/v2\/posts\/440\/revisions"}],"predecessor-version":[{"id":441,"href":"https:\/\/lesfollesjourneesdedavid.be\/index.php?rest_route=\/wp\/v2\/posts\/440\/revisions\/441"}],"wp:attachment":[{"href":"https:\/\/lesfollesjourneesdedavid.be\/index.php?rest_route=%2Fwp%2Fv2%2Fmedia&parent=440"}],"wp:term":[{"taxonomy":"category","embeddable":true,"href":"https:\/\/lesfollesjourneesdedavid.be\/index.php?rest_route=%2Fwp%2Fv2%2Fcategories&post=440"},{"taxonomy":"post_tag","embeddable":true,"href":"https:\/\/lesfollesjourneesdedavid.be\/index.php?rest_route=%2Fwp%2Fv2%2Ftags&post=440"}],"curies":[{"name":"wp","href":"https:\/\/api.w.org\/{rel}","templated":true}]}}