{"id":437,"date":"2021-07-05T05:56:11","date_gmt":"2021-07-05T03:56:11","guid":{"rendered":"http:\/\/lesfollesjourneesdedavid.be\/?p=437"},"modified":"2021-07-05T05:56:11","modified_gmt":"2021-07-05T03:56:11","slug":"j23-la-coquille-perigueux","status":"publish","type":"post","link":"https:\/\/lesfollesjourneesdedavid.be\/?p=437","title":{"rendered":"J23&#8230; La Coquille &#8211; P\u00e9rigueux"},"content":{"rendered":"\n<p>J23\u2026 Cette fois, on y a cru \u00e0 notre premi\u00e8re \u00e9tape de pluie totale\u2026 On a tra\u00een\u00e9 \u00e0 d\u00e9marrer tout en discutant avec Pierre\u2026 On a fait les courses en d\u00e9marrant car c&#8217;est dimanche et sue quekques minutes au sec de plus sont toujours bonne \u00e0 prendre\u2026 et il semblait ne vouloir pleuvoir qu&#8217;une fois et bien, en plus\u2026 Alors, on a trac\u00e9 en se disant que les plus courtes sont les meilleures\u2026 40 min plus tard, les eaux du ciel s&#8217;arr\u00eataient d\u00e9j\u00e0\u2026 Le soleil sortait timidement et \u00e0 l&#8217;heure pile, on \u00e9tait sec\u2026 On a trouv\u00e9 des petites routes qui suivaient une ligne de train jusque 10 km de Perigueux\u2026 Parcours plat et agr\u00e9able\u2026 Diner devant une mairie o\u00f9 il n&#8217;y avait pas un chat\u2026 Une tr\u00e8s m\u00e9chante c\u00f4t\u00e9 pour passer dans la vall\u00e9e de l&#8217;Ile et nous \u00e9tions arriv\u00e9s\u2026 Le g\u00eete du jour est un appartement de ville du premier \u00e9tage spacieux et lumineux\u2026 Les v\u00e9los dorment dans un garage au rez\u2026 Francine, l&#8217;hospitali\u00e8re nous accueille et nous sommes ses premiers p\u00e8lerins\u2026 Elle est arriv\u00e9 la veille\u2026 Douche, linge, pr\u00e9paration du parcours de demain, carte postale, pr\u00e9paration du repas vont rythmer la suite de la journ\u00e9e\u2026 On a fait un tour de la ville et visiter la cath\u00e9drale d\u00e9but de soir\u00e9e\u2026 Celle-ci a une architecture particuli\u00e8re \u00e0 coupole\u2026 et les quartiers anciens qui l&#8217;entourent donnent envie de fl\u00e2ner\u2026 Buen camino\u2026<\/p>\n","protected":false},"excerpt":{"rendered":"<p>J23\u2026 Cette fois, on y a cru \u00e0 notre premi\u00e8re \u00e9tape de pluie totale\u2026 On a tra\u00een\u00e9 \u00e0 d\u00e9marrer tout en discutant avec Pierre\u2026 On a fait les courses en d\u00e9marrant car c&#8217;est dimanche et sue quekques minutes au sec [&hellip;]<\/p>\n","protected":false},"author":1,"featured_media":0,"comment_status":"open","ping_status":"open","sticky":false,"template":"","format":"standard","meta":{"footnotes":""},"categories":[1],"tags":[],"_links":{"self":[{"href":"https:\/\/lesfollesjourneesdedavid.be\/index.php?rest_route=\/wp\/v2\/posts\/437"}],"collection":[{"href":"https:\/\/lesfollesjourneesdedavid.be\/index.php?rest_route=\/wp\/v2\/posts"}],"about":[{"href":"https:\/\/lesfollesjourneesdedavid.be\/index.php?rest_route=\/wp\/v2\/types\/post"}],"author":[{"embeddable":true,"href":"https:\/\/lesfollesjourneesdedavid.be\/index.php?rest_route=\/wp\/v2\/users\/1"}],"replies":[{"embeddable":true,"href":"https:\/\/lesfollesjourneesdedavid.be\/index.php?rest_route=%2Fwp%2Fv2%2Fcomments&post=437"}],"version-history":[{"count":1,"href":"https:\/\/lesfollesjourneesdedavid.be\/index.php?rest_route=\/wp\/v2\/posts\/437\/revisions"}],"predecessor-version":[{"id":438,"href":"https:\/\/lesfollesjourneesdedavid.be\/index.php?rest_route=\/wp\/v2\/posts\/437\/revisions\/438"}],"wp:attachment":[{"href":"https:\/\/lesfollesjourneesdedavid.be\/index.php?rest_route=%2Fwp%2Fv2%2Fmedia&parent=437"}],"wp:term":[{"taxonomy":"category","embeddable":true,"href":"https:\/\/lesfollesjourneesdedavid.be\/index.php?rest_route=%2Fwp%2Fv2%2Fcategories&post=437"},{"taxonomy":"post_tag","embeddable":true,"href":"https:\/\/lesfollesjourneesdedavid.be\/index.php?rest_route=%2Fwp%2Fv2%2Ftags&post=437"}],"curies":[{"name":"wp","href":"https:\/\/api.w.org\/{rel}","templated":true}]}}