{"id":432,"date":"2021-07-04T05:15:22","date_gmt":"2021-07-04T03:15:22","guid":{"rendered":"http:\/\/lesfollesjourneesdedavid.be\/?p=432"},"modified":"2021-07-04T05:15:22","modified_gmt":"2021-07-04T03:15:22","slug":"j21-la-souterraine-limoges","status":"publish","type":"post","link":"https:\/\/lesfollesjourneesdedavid.be\/?p=432","title":{"rendered":"J21&#8230; La Souterraine- Limoges"},"content":{"rendered":"\n<p>J21\u2026 3 semaines que l&#8217;on voyage\u2026 18 jours de v\u00e9lo\u2026 3 jours de repos\u2026 1000 km parcouru\u2026 66h de p\u00e9dalage\u2026 Aujourd&#8217;hui, la route s&#8217;\u00e9levait les 25 premiers km\u2026 et a fini par nous donner les plus beaux points de vue depuis le d\u00e9part\u2026 A travers, les arbres, on pouvait voir les endroits pr\u00e9c\u00e9demment travers\u00e9s sur 50-70 km\u2026 Ensuite, on a suivi une ancienne nationale longeant l&#8217;autoroute vers Limoges .. Tout en descente, abandonn\u00e9e depuis longtemps, avec des anciennes stations services d\u00e9saffect\u00e9es et au milieu, un camping avec terrasse pour y prendre notre lunch\u2026 Passer par une ville est un choix\u2026 On nous avait dit que c&#8217;\u00e9tait tr\u00e8s joli\u2026 En fait, l&#8217;arriv\u00e9e \u00e0 v\u00e9lo est catastrophique\u2026 Rien n&#8217;est pr\u00e9vu et je peux m\u00eame dire que Li\u00e8ge est \u00e0 la pointe de la slow mobilit\u00e9 par rapport \u00e0 cette ville encore d\u00e9di\u00e9e \u00e0 100% \u00e0 la voiture\u2026 Passage par des faubourgs ann\u00e9e 60 et des zonings tr\u00e8s \u00e9loign\u00e9s du centre o\u00f9 il faut jongler entre bouchon et passerelle \u00e0 moiti\u00e9 d\u00e9fonc\u00e9e\u2026 et puis, on s&#8217;est carr\u00e9ment retrouv\u00e9 sur une voie rapide type rocade\u2026 La seule chose qui f\u00fbt bien \u00e0 ce moment, c&#8217;est la correction des automobilistes fran\u00e7ais qui, peut-\u00eatre aussi surpris que nous, se sont mis tous \u00e0 nous d\u00e9passer sur la deuxi\u00e8me bande le temps qu&#8217;on puisse arriver \u00e0 la sortie suivante et se tirer de ce mauvais pas\u2026 Rezoning, passage par un parc presque am\u00e9nag\u00e9 \u00e0 encore 3km du centre et puis, une suite de boulevard o\u00f9 clairement, personne n&#8217;a trop imagin\u00e9 qu&#8217;autre chose qu&#8217;une voiture pouvait y circuler\u2026 Un retour \u00e0 la civilisation tr\u00e8s contrast\u00e9\u2026 On a pris une petite chambre d&#8217;h\u00f4tel pas trop \u00e9loign\u00e9 du centre et mis les v\u00e9los \u00e0 l&#8217;abri dans une petite cours int\u00e9rieure\u2026 et on a pass\u00e9 la soir\u00e9e \u00e0 pied\u2026 et la ville n&#8217;est pas beaucoup plus accueillante pour les pi\u00e9tons\u2026 Trotoirs \u00e9troits, inclin\u00e9s, peu d&#8217;endroits surbaiss\u00e9s (franchement, je ne voudrais pas \u00eatre PMR ici)\u2026 Rues et places remplies de voitures (pas trop de parking sauvage, par contre)\u2026 Apr\u00e8s s&#8217;\u00eatre fait indiqu\u00e9 le chemin, on a fini par trouver 2-3 rues historiques (rue des bouchers, halle) pi\u00e9tonni\u00e8res avec quelques restos et terrasses accueillants\u2026 Un syrien fera notre bonheur\u2026 Demain, on sera prudent pour sortir de la ville et heureux de retourner sur des routes de campagnes\u2026 mais l&#8217;exp\u00e9rience est instructive et a anim\u00e9 notre conversation de ce soir\u2026 Buen camino\u2026<\/p>\n","protected":false},"excerpt":{"rendered":"<p>J21\u2026 3 semaines que l&#8217;on voyage\u2026 18 jours de v\u00e9lo\u2026 3 jours de repos\u2026 1000 km parcouru\u2026 66h de p\u00e9dalage\u2026 Aujourd&#8217;hui, la route s&#8217;\u00e9levait les 25 premiers km\u2026 et a fini par nous donner les plus beaux points de vue [&hellip;]<\/p>\n","protected":false},"author":1,"featured_media":0,"comment_status":"open","ping_status":"open","sticky":false,"template":"","format":"standard","meta":{"footnotes":""},"categories":[1],"tags":[],"_links":{"self":[{"href":"https:\/\/lesfollesjourneesdedavid.be\/index.php?rest_route=\/wp\/v2\/posts\/432"}],"collection":[{"href":"https:\/\/lesfollesjourneesdedavid.be\/index.php?rest_route=\/wp\/v2\/posts"}],"about":[{"href":"https:\/\/lesfollesjourneesdedavid.be\/index.php?rest_route=\/wp\/v2\/types\/post"}],"author":[{"embeddable":true,"href":"https:\/\/lesfollesjourneesdedavid.be\/index.php?rest_route=\/wp\/v2\/users\/1"}],"replies":[{"embeddable":true,"href":"https:\/\/lesfollesjourneesdedavid.be\/index.php?rest_route=%2Fwp%2Fv2%2Fcomments&post=432"}],"version-history":[{"count":1,"href":"https:\/\/lesfollesjourneesdedavid.be\/index.php?rest_route=\/wp\/v2\/posts\/432\/revisions"}],"predecessor-version":[{"id":433,"href":"https:\/\/lesfollesjourneesdedavid.be\/index.php?rest_route=\/wp\/v2\/posts\/432\/revisions\/433"}],"wp:attachment":[{"href":"https:\/\/lesfollesjourneesdedavid.be\/index.php?rest_route=%2Fwp%2Fv2%2Fmedia&parent=432"}],"wp:term":[{"taxonomy":"category","embeddable":true,"href":"https:\/\/lesfollesjourneesdedavid.be\/index.php?rest_route=%2Fwp%2Fv2%2Fcategories&post=432"},{"taxonomy":"post_tag","embeddable":true,"href":"https:\/\/lesfollesjourneesdedavid.be\/index.php?rest_route=%2Fwp%2Fv2%2Ftags&post=432"}],"curies":[{"name":"wp","href":"https:\/\/api.w.org\/{rel}","templated":true}]}}