{"id":430,"date":"2021-07-02T05:22:29","date_gmt":"2021-07-02T03:22:29","guid":{"rendered":"http:\/\/lesfollesjourneesdedavid.be\/?p=430"},"modified":"2021-07-02T05:22:29","modified_gmt":"2021-07-02T03:22:29","slug":"j20-cluis-la-souterraine","status":"publish","type":"post","link":"https:\/\/lesfollesjourneesdedavid.be\/?p=430","title":{"rendered":"J20..  Cluis &#8211; La Souterraine"},"content":{"rendered":"\n<p>J20\u2026 Tergiversation ce matin\u2026 Hier soir, je n&#8217;ai pas os\u00e9 r\u00e9server \u00e0 un peu plus de 50km car il y avait 520m de d\u00e9nivel\u00e9 sur la journ\u00e9e\u2026 et vu les derni\u00e8res \u00e9tapes, je ne le sentais pas\u2026 mais les g\u00eetes plus proches sont soit pas encore ouvert, soit ne r\u00e9pondent pas\u2026 Ce sont mes fils qui m&#8217;ont dit que cela allait le faire\u2026 J&#8217;ai donc sonn\u00e9 \u00e0 Claudine, \u00e0 La Souterraine, et \u00e0 la voix, je savais qu&#8217;on y serait bien\u2026 Fallait juste y arriver\u2026 Le temps de d\u00e9jeuner et de plier bagage, il \u00e9tait d\u00e9j\u00e0 10h lorsqu&#8217;on s&#8217;est mis en route\u2026 Je crains une journ\u00e9e gal\u00e8re mais je me dis qu&#8217;il faut bien passer par-l\u00e0\u2026 et tout a roul\u00e9\u2026 Le soleil a particip\u00e9, pas eu de couacs aux v\u00e9los, mon dos m&#8217;a foutu la paix, on a suivi de belles petites routes dont aucune ne nous a conduit dans les champs et for\u00eat\u2026 Que le bonheur d&#8217;\u00eatre en selle et de p\u00e9daler\u2026 De Cluis \u00e0 Eguzon, on a recrois\u00e9 une route que j&#8217;ai parcouru il y a 3 ans\u2026 La premi\u00e8re depuis Vezelay\u2026 Je ne m&#8217;en souvenais que tr\u00e8s peu\u2026 mais \u00e0 Eguzon, je me suis rappel\u00e9 du village o\u00f9 j&#8217;avais log\u00e9 \u00e0 l&#8217;\u00e9poque et crois\u00e9 le matin, Claude de Troyes, un p\u00e8lerin devenu un ami depuis\u2026 Malgr\u00e9 les c\u00f4tes, les km se sont encha\u00een\u00e9s rapidement\u2026 3h en selle, quelques arr\u00eats plaisirs pour manger et faire des photos\u2026 et \u00e0 15h30, on \u00e9tait dans le jardin de Claudine\u2026 Le b\u00e2timent est cr\u00e9\u00e9 \u00e0 partir de vieille \u00e9curie tout en longueur\u2026 On y croisera Pascal de Metz et Christiana de Fribourg\u2026 On s&#8217;est occup\u00e9 des v\u00e9los et on a remarqu\u00e9 que la pipette du pneu arri\u00e8re de Florian perdait\u2026 et d&#8217;apr\u00e8s Claudine, il y a un nouveau r\u00e9parateur \u00e0 500m\u2026 On a pas trop h\u00e9sit\u00e9, 45 min plus tard et 8\u20ac, la nouvelle chambre \u00e0 air \u00e9tait install\u00e9e et la chaine r\u00e9graiss\u00e9e\u2026 On a pas touch\u00e9 \u00e0 celui de Nicolas par contre\u2026 Apr\u00e8s avoir tant cherch\u00e9 le pourquoi de son fichu frein \u00e0 disque qui se serrait en roulant, on s&#8217;est dit que maintenant que cela marchait, on ne touchait plus \u00e0 rien\u2026 Parfois, la m\u00e9canique est myst\u00e9rieuse et capricieuse\u2026 On a mang\u00e9 dans le jardin sous les arbres au soleil couchant\u2026 Un long repas o\u00f9 chacun a racont\u00e9 sa journ\u00e9e, son chemin, un petit bout de vie\u2026 Au pays, ma filleule et mon filleul sont partis \u00e0 leur camp ce matin\u2026 Je leur souhaite de belles aventures\u2026 Buen camino\u2026<\/p>\n","protected":false},"excerpt":{"rendered":"<p>J20\u2026 Tergiversation ce matin\u2026 Hier soir, je n&#8217;ai pas os\u00e9 r\u00e9server \u00e0 un peu plus de 50km car il y avait 520m de d\u00e9nivel\u00e9 sur la journ\u00e9e\u2026 et vu les derni\u00e8res \u00e9tapes, je ne le sentais pas\u2026 mais les g\u00eetes [&hellip;]<\/p>\n","protected":false},"author":1,"featured_media":0,"comment_status":"open","ping_status":"open","sticky":false,"template":"","format":"standard","meta":{"footnotes":""},"categories":[1],"tags":[],"_links":{"self":[{"href":"https:\/\/lesfollesjourneesdedavid.be\/index.php?rest_route=\/wp\/v2\/posts\/430"}],"collection":[{"href":"https:\/\/lesfollesjourneesdedavid.be\/index.php?rest_route=\/wp\/v2\/posts"}],"about":[{"href":"https:\/\/lesfollesjourneesdedavid.be\/index.php?rest_route=\/wp\/v2\/types\/post"}],"author":[{"embeddable":true,"href":"https:\/\/lesfollesjourneesdedavid.be\/index.php?rest_route=\/wp\/v2\/users\/1"}],"replies":[{"embeddable":true,"href":"https:\/\/lesfollesjourneesdedavid.be\/index.php?rest_route=%2Fwp%2Fv2%2Fcomments&post=430"}],"version-history":[{"count":1,"href":"https:\/\/lesfollesjourneesdedavid.be\/index.php?rest_route=\/wp\/v2\/posts\/430\/revisions"}],"predecessor-version":[{"id":431,"href":"https:\/\/lesfollesjourneesdedavid.be\/index.php?rest_route=\/wp\/v2\/posts\/430\/revisions\/431"}],"wp:attachment":[{"href":"https:\/\/lesfollesjourneesdedavid.be\/index.php?rest_route=%2Fwp%2Fv2%2Fmedia&parent=430"}],"wp:term":[{"taxonomy":"category","embeddable":true,"href":"https:\/\/lesfollesjourneesdedavid.be\/index.php?rest_route=%2Fwp%2Fv2%2Fcategories&post=430"},{"taxonomy":"post_tag","embeddable":true,"href":"https:\/\/lesfollesjourneesdedavid.be\/index.php?rest_route=%2Fwp%2Fv2%2Ftags&post=430"}],"curies":[{"name":"wp","href":"https:\/\/api.w.org\/{rel}","templated":true}]}}