{"id":423,"date":"2021-06-29T19:57:59","date_gmt":"2021-06-29T17:57:59","guid":{"rendered":"http:\/\/lesfollesjourneesdedavid.be\/?p=423"},"modified":"2021-06-29T19:57:59","modified_gmt":"2021-06-29T17:57:59","slug":"j17-ainay-le-chateau-chateaumeillant","status":"publish","type":"post","link":"https:\/\/lesfollesjourneesdedavid.be\/?p=423","title":{"rendered":"J17&#8230; Ainay-le-Ch\u00e2teau &#8211; Chateaumeillant"},"content":{"rendered":"\n<p>J17\u2026 En me levant, les jambes ont pas suivi et je me suis retrouv\u00e9 assis par terre\u2026 Rien de grave, juste un signe de fatigue\u2026 On a d\u00e9jeun\u00e9 et d\u00e9gust\u00e9 des omelettes\u2026 8h30, on \u00e9tait en route\u2026 Au c\u0153ur de la France profonde d&#8217;apr\u00e8s Didier\u2026 Si cela veut dire de belles petites routes large de deux m\u00e8tres max, r\u00e9f\u00e9renc\u00e9e sur google map et sur la carte Michelin mais qui se terminent par des chemins d&#8217;herbe, on a compris\u2026 Le ciel est noir et lourd mais on a pas de pluie\u2026 Le froid est pr\u00e9sent d&#8217;ailleurs et c&#8217;est la premi\u00e8re fois que je roule avec toutes mes couches\u2026 Quelques petits probl\u00e8mes de frein qui frottent sur le v\u00e9lo de Nicolas r\u00e9curant depuis la veille\u2026 G\u00eanant car cela le freine et l&#8217;\u00e9puise\u2026 et nous oblige \u00e0 nous arr\u00eater souvent pour d\u00e9monter la roue et cela nous fatigue tous\u2026 Le premier r\u00e9parateur v\u00e9lo est \u00e0 80km\u2026 A Le-Chatelet-en-Berry, j&#8217;ai pos\u00e9 la question au bar-pmu de la place pour savoir comment ils faisaient lorsqu&#8217;ils avaient un v\u00e9lo d\u00e9fectueux\u2026 On m&#8217;a parl\u00e9 d&#8217;un retrait\u00e9 r\u00e9parateur de v\u00e9lo, M. Didion\u2026 Il a regard\u00e9 mais n&#8217;a rien trouv\u00e9 de plus\u2026 Pour lui, la roue, le disque et les plaquette de frein vont bien\u2026 C&#8217;est des crasses qui viennent freiner la roue\u2026 On a la bonne m\u00e9thode et s\u00fbrement un peu pas de chance\u2026 Il nous a indiqu\u00e9 un coin pour se poser pr\u00e8s d&#8217;une rivi\u00e8re..  On y restera 1h30\u2026 La plus longue pose en \u00e9tape depuis le d\u00e9part, je pense\u2026 Personne n&#8217;avait trop envie de reprendre\u2026 Florian aussi a les jambes lourdes\u2026 On a d\u00e9cid\u00e9 de faire l&#8217;\u00e9tape courte\u2026 Chateaumeillant et un camping pr\u00e8s d&#8217;un \u00e9tang\u2026 On a lou\u00e9 un petit mobilhome\u2026 Repos et restaurant le soir\u2026 Tr\u00e8s typique\u2026 A la fois, bar du village, PMU et couvert en arri\u00e8re salle\u2026 Sympa et d\u00e9coration vieille de 50 ans\u2026 On a d\u00e9cid\u00e9 de se poser une journ\u00e9e\u2026 La journ\u00e9e de ce mardi sera la plus froide de la semaine et pluvieuse toute la journ\u00e9e\u2026 et on a tous les 3 besoin de souffler\u2026 Pour la nuit, j&#8217;ai sorti pour la premi\u00e8re fois mon sac de couchage\u2026 Le sac \u00e0 viande en soie que j&#8217;utilise d&#8217;habitude ne suffira pas\u2026 et ici, il n&#8217;y a pas de couverture\u2026 J&#8217;ai \u00e9cout\u00e9 longtemps la pluie tomber la nuit\u2026 En fredonnant : &#8220;L&#8217;\u00e9t\u00e9 sera chaud, l&#8217;\u00e9t\u00e9 sera chaud&#8221;.. Buen camino\u2026<\/p>\n","protected":false},"excerpt":{"rendered":"<p>J17\u2026 En me levant, les jambes ont pas suivi et je me suis retrouv\u00e9 assis par terre\u2026 Rien de grave, juste un signe de fatigue\u2026 On a d\u00e9jeun\u00e9 et d\u00e9gust\u00e9 des omelettes\u2026 8h30, on \u00e9tait en route\u2026 Au c\u0153ur de [&hellip;]<\/p>\n","protected":false},"author":1,"featured_media":0,"comment_status":"open","ping_status":"open","sticky":false,"template":"","format":"standard","meta":{"footnotes":""},"categories":[1],"tags":[],"_links":{"self":[{"href":"https:\/\/lesfollesjourneesdedavid.be\/index.php?rest_route=\/wp\/v2\/posts\/423"}],"collection":[{"href":"https:\/\/lesfollesjourneesdedavid.be\/index.php?rest_route=\/wp\/v2\/posts"}],"about":[{"href":"https:\/\/lesfollesjourneesdedavid.be\/index.php?rest_route=\/wp\/v2\/types\/post"}],"author":[{"embeddable":true,"href":"https:\/\/lesfollesjourneesdedavid.be\/index.php?rest_route=\/wp\/v2\/users\/1"}],"replies":[{"embeddable":true,"href":"https:\/\/lesfollesjourneesdedavid.be\/index.php?rest_route=%2Fwp%2Fv2%2Fcomments&post=423"}],"version-history":[{"count":1,"href":"https:\/\/lesfollesjourneesdedavid.be\/index.php?rest_route=\/wp\/v2\/posts\/423\/revisions"}],"predecessor-version":[{"id":424,"href":"https:\/\/lesfollesjourneesdedavid.be\/index.php?rest_route=\/wp\/v2\/posts\/423\/revisions\/424"}],"wp:attachment":[{"href":"https:\/\/lesfollesjourneesdedavid.be\/index.php?rest_route=%2Fwp%2Fv2%2Fmedia&parent=423"}],"wp:term":[{"taxonomy":"category","embeddable":true,"href":"https:\/\/lesfollesjourneesdedavid.be\/index.php?rest_route=%2Fwp%2Fv2%2Fcategories&post=423"},{"taxonomy":"post_tag","embeddable":true,"href":"https:\/\/lesfollesjourneesdedavid.be\/index.php?rest_route=%2Fwp%2Fv2%2Ftags&post=423"}],"curies":[{"name":"wp","href":"https:\/\/api.w.org\/{rel}","templated":true}]}}