{"id":399,"date":"2021-06-20T16:03:48","date_gmt":"2021-06-20T14:03:48","guid":{"rendered":"http:\/\/lesfollesjourneesdedavid.be\/?p=399"},"modified":"2021-06-20T16:03:48","modified_gmt":"2021-06-20T14:03:48","slug":"j6-justine-reims","status":"publish","type":"post","link":"https:\/\/lesfollesjourneesdedavid.be\/?p=399","title":{"rendered":"J6&#8230; Justine &#8211; Reims"},"content":{"rendered":"\n<p>J6\u2026 On a donc dormi une deuxi\u00e8me nuit, dans la grange, rythm\u00e9e par le va-et-vient des chouettes\u2026 On s&#8217;est lev\u00e9 t\u00f4t, nous avons salu\u00e9 et remerci\u00e9 notre h\u00f4te une derni\u00e8re fois et pour 8h30, on avalait cette petite c\u00f4te insurmontable la veille\u2026 50km \u00e0 travers les \u00e9tendues de culture de ce grenier \u00e0 c\u00e9r\u00e9ales qu&#8217;est la Champagne\u2026 avec un joli vent de face suffisant pour faire du surplace en descente\u2026 Le plat est devenu mont\u00e9e et les pentes mod\u00e9r\u00e9es se sont faites plus raides\u2026 et pour 13h, nous \u00e9tions \u00e0 Reims, capitale du Champagne\u2026 On a trouv\u00e9 un petit atelier v\u00e9lo, cycloop, dans une friche en reconversion alternative car j&#8217;avais un bruit au moyeu de changement de vitesse\u2026 Ambroise et Benoit m&#8217;ont fait passer en priorit\u00e9 et m&#8217;ont rassur\u00e9\u2026 Reglage et graissage ont att\u00e9nu\u00e9 le probl\u00e8me\u2026 Il faudra s\u00fbrement d\u00e9mont\u00e9 au retour mais je ne risque pas de casse\u2026 Ma mouture est solide\u2026 On a ensuite visit\u00e9 la cath\u00e9drale et rencontr\u00e9 l&#8217;association des p\u00e8lerins locaux\u2026 Leur liste d&#8217;adresse m&#8217;a permis de planifier les \u00e9tapes suivantes\u2026 On a fl\u00e2n\u00e9 dans les pi\u00e9tonniers et le parc de la ville..  M\u00e9tro, pi\u00e9tons, cyclistes se partagent, en toute convivialit\u00e9, de grands espaces apais\u00e9s du flux des automobiles qui sont canalis\u00e9es dans quelques rues \u00e0 bande et sens uniques\u2026 L&#8217;eau est omnipr\u00e9sente via de multiples fontaines et de vastes jeux d&#8217;eau qui permettent la pr\u00e9sence de nombreux enfants\u2026 Bref, une ville cool\u2026 Le soir, on s&#8217;est offert un petit resto au milieu des dizaines de terrasses qu&#8217;offre le centre ville\u2026 On dort \u00e0 l&#8217;h\u00f4tel et les v\u00e9los sont en s\u00e9curit\u00e9 \u00e0 200m (c&#8217;est qu&#8217;on y tient)\u2026 Buen camino\u2026<\/p>\n","protected":false},"excerpt":{"rendered":"<p>J6\u2026 On a donc dormi une deuxi\u00e8me nuit, dans la grange, rythm\u00e9e par le va-et-vient des chouettes\u2026 On s&#8217;est lev\u00e9 t\u00f4t, nous avons salu\u00e9 et remerci\u00e9 notre h\u00f4te une derni\u00e8re fois et pour 8h30, on avalait cette petite c\u00f4te insurmontable [&hellip;]<\/p>\n","protected":false},"author":1,"featured_media":0,"comment_status":"open","ping_status":"open","sticky":false,"template":"","format":"standard","meta":{"footnotes":""},"categories":[1],"tags":[],"_links":{"self":[{"href":"https:\/\/lesfollesjourneesdedavid.be\/index.php?rest_route=\/wp\/v2\/posts\/399"}],"collection":[{"href":"https:\/\/lesfollesjourneesdedavid.be\/index.php?rest_route=\/wp\/v2\/posts"}],"about":[{"href":"https:\/\/lesfollesjourneesdedavid.be\/index.php?rest_route=\/wp\/v2\/types\/post"}],"author":[{"embeddable":true,"href":"https:\/\/lesfollesjourneesdedavid.be\/index.php?rest_route=\/wp\/v2\/users\/1"}],"replies":[{"embeddable":true,"href":"https:\/\/lesfollesjourneesdedavid.be\/index.php?rest_route=%2Fwp%2Fv2%2Fcomments&post=399"}],"version-history":[{"count":1,"href":"https:\/\/lesfollesjourneesdedavid.be\/index.php?rest_route=\/wp\/v2\/posts\/399\/revisions"}],"predecessor-version":[{"id":400,"href":"https:\/\/lesfollesjourneesdedavid.be\/index.php?rest_route=\/wp\/v2\/posts\/399\/revisions\/400"}],"wp:attachment":[{"href":"https:\/\/lesfollesjourneesdedavid.be\/index.php?rest_route=%2Fwp%2Fv2%2Fmedia&parent=399"}],"wp:term":[{"taxonomy":"category","embeddable":true,"href":"https:\/\/lesfollesjourneesdedavid.be\/index.php?rest_route=%2Fwp%2Fv2%2Fcategories&post=399"},{"taxonomy":"post_tag","embeddable":true,"href":"https:\/\/lesfollesjourneesdedavid.be\/index.php?rest_route=%2Fwp%2Fv2%2Ftags&post=399"}],"curies":[{"name":"wp","href":"https:\/\/api.w.org\/{rel}","templated":true}]}}