{"id":397,"date":"2021-06-20T16:02:45","date_gmt":"2021-06-20T14:02:45","guid":{"rendered":"http:\/\/lesfollesjourneesdedavid.be\/?p=397"},"modified":"2021-06-20T16:02:45","modified_gmt":"2021-06-20T14:02:45","slug":"j5-repos","status":"publish","type":"post","link":"https:\/\/lesfollesjourneesdedavid.be\/?p=397","title":{"rendered":"J5&#8230; Repos"},"content":{"rendered":"\n<p>J5\u2026 Repos\u2026 forc\u00e9\u2026 On s&#8217;est lev\u00e9, on a charg\u00e9, on a d\u00e9marr\u00e9\u2026 Petite c\u00f4te d&#8217;un km pour sortir du village\u2026 et j&#8217;ai vite compris que les jambes de Nicolas ne tournaient pas\u2026 Jambes en b\u00e9ton m&#8217;a-t&#8217;il dit.. . Petit conciliabule, le premier g\u00eete est \u00e0 11km\u2026 Ch\u00e2teau-Porcien, je connais, j&#8217;y ai dormi il y a 3 ans\u2026 Confortable mais loin d&#8217;\u00eatre un petit paradis pour y passer la journ\u00e9e\u2026 et il y a quelques c\u00f4tes pour y arriver\u2026 L&#8217;id\u00e9e m&#8217;est venue de demander \u00e0 M. Pezin de rester un jour chez lui\u2026 C&#8217;est un ancien coquillard, il aurait pouss\u00e9 plus les jeunes \u00e0 continuer\u2026 mais il nous a laiss\u00e9 libre\u2026 et nous a trouv\u00e9 de quoi manger la journ\u00e9e afin de m&#8217;\u00e9viter un aller-retour vers un village ayant une \u00e9picerie\u2026 Salade du jardin, jus de pomme maison, saucisse locale, quiche coquille saint jacques et m\u00eame un dessert fait par sa dame..  Du coup, on a profit\u00e9 de la journ\u00e9e en faisant la sieste, en \u00e9tudiant les cartes et en visitant son jardin\u2026 Abri pour les h\u00e9rissons, r\u00e9serves de bois, poules et coqs (vous verriez les bestiaux) mosanes\u2026 Nicolas a discut\u00e9 pas mal avec cet homme sage sur la vie \u00e0 la campagne dans les villages en France et sur l&#8217;avenir\u2026 On a fini la soir\u00e9e \u00e0 jouer aux cartes sur la table du jardin\u2026 J&#8217;ai appris le Dannish et le Pr\u00e9sident\u2026 et j&#8217;ai m\u00eame fini pr\u00e9sident\u2026 Il y a des habitudes qui ne se perdent pas facilement\u2026 Une belle journ\u00e9e\u2026 Digne de ce beau chemin qui nous apporte beaucoup\u2026 Demain, les forces seront l\u00e0 (je me suis moi-m\u00eame rendu compte d&#8217;une petite contracture \u00e0 la jambe gauche que je n&#8217;aurais pas senti sans cette journ\u00e9e d&#8217;arr\u00eat et que j&#8217;ai soign\u00e9)\u2026 Buen camino<\/p>\n","protected":false},"excerpt":{"rendered":"<p>J5\u2026 Repos\u2026 forc\u00e9\u2026 On s&#8217;est lev\u00e9, on a charg\u00e9, on a d\u00e9marr\u00e9\u2026 Petite c\u00f4te d&#8217;un km pour sortir du village\u2026 et j&#8217;ai vite compris que les jambes de Nicolas ne tournaient pas\u2026 Jambes en b\u00e9ton m&#8217;a-t&#8217;il dit.. . Petit conciliabule, [&hellip;]<\/p>\n","protected":false},"author":1,"featured_media":0,"comment_status":"open","ping_status":"open","sticky":false,"template":"","format":"standard","meta":{"footnotes":""},"categories":[1],"tags":[],"_links":{"self":[{"href":"https:\/\/lesfollesjourneesdedavid.be\/index.php?rest_route=\/wp\/v2\/posts\/397"}],"collection":[{"href":"https:\/\/lesfollesjourneesdedavid.be\/index.php?rest_route=\/wp\/v2\/posts"}],"about":[{"href":"https:\/\/lesfollesjourneesdedavid.be\/index.php?rest_route=\/wp\/v2\/types\/post"}],"author":[{"embeddable":true,"href":"https:\/\/lesfollesjourneesdedavid.be\/index.php?rest_route=\/wp\/v2\/users\/1"}],"replies":[{"embeddable":true,"href":"https:\/\/lesfollesjourneesdedavid.be\/index.php?rest_route=%2Fwp%2Fv2%2Fcomments&post=397"}],"version-history":[{"count":1,"href":"https:\/\/lesfollesjourneesdedavid.be\/index.php?rest_route=\/wp\/v2\/posts\/397\/revisions"}],"predecessor-version":[{"id":398,"href":"https:\/\/lesfollesjourneesdedavid.be\/index.php?rest_route=\/wp\/v2\/posts\/397\/revisions\/398"}],"wp:attachment":[{"href":"https:\/\/lesfollesjourneesdedavid.be\/index.php?rest_route=%2Fwp%2Fv2%2Fmedia&parent=397"}],"wp:term":[{"taxonomy":"category","embeddable":true,"href":"https:\/\/lesfollesjourneesdedavid.be\/index.php?rest_route=%2Fwp%2Fv2%2Fcategories&post=397"},{"taxonomy":"post_tag","embeddable":true,"href":"https:\/\/lesfollesjourneesdedavid.be\/index.php?rest_route=%2Fwp%2Fv2%2Ftags&post=397"}],"curies":[{"name":"wp","href":"https:\/\/api.w.org\/{rel}","templated":true}]}}