{"id":369,"date":"2019-08-07T06:55:16","date_gmt":"2019-08-07T04:55:16","guid":{"rendered":"http:\/\/lesfollesjourneesdedavid.be\/?p=369"},"modified":"2019-08-07T06:55:16","modified_gmt":"2019-08-07T04:55:16","slug":"jour-13-2","status":"publish","type":"post","link":"https:\/\/lesfollesjourneesdedavid.be\/?p=369","title":{"rendered":"Jour 13"},"content":{"rendered":"\n<p>Jour 13\u2026 72km\u2026 4h40\u2026 288m de mont\u00e9e\u2026 de la source \u00e0 la maison \ud83d\udc9a (enfin, pas tout de suite)\u2026 Je suis n\u00e9 \u00e0 quelques m\u00e8tres de la Meuse\u2026 Il fallait bien qu&#8217;un jour, j&#8217;apprenne \u00e0 mieux la conna\u00eetre\u2026 Lorsqu&#8217;on quitte Pouilly-en-Bassigny, il y a d&#8217;abord le premier pont\u2026 Impressionant, il doit faire 2m au grand max \ud83d\ude02\u2026 et la Meuse se cache sous les herbes folles\u2026 ensuite, on serpente de village en village, tout en l&#8217;appercevant de loin, suivant le ballisage mis en place\u2026 elle n&#8217;est pas encore assez grande pour qu&#8217;on lui adjoingne une route ou un chemin\u2026 Elle se fraient lentement entre les p\u00e2tures o\u00f9 paissent les vaches\u2026 petit \u00e0 petit, elle grandi \u00e0 travers le plateau de Langres et on reprend la direction des contreforts du massif des Vosges\u2026 La region est champ\u00eatre, 60km avant d&#8217;arriver au premier resto \u00e0 Neufch\u00e2teau\u2026 de quoi avoir le croc\u2026 je tente le janbon brais\u00e9 qui, j&#8217;esp\u00e8re, le sera tout autant que mes bras\u2026 car le soleil est de la partie et n&#8217;est pas avare\u2026 sur la route, il y a eu St\u00e9phane et Marion venant de Nantes et remontant au Pays-Bas\u2026 Suzan finissant la Moselle et s&#8217;offrant quelques jours de suppl\u00e9ment\u2026 Un p\u00e8lerin allemand allant \u00e0 St Jacques, heureuse rencontre au son du \u00abbon chemin\u00bb\u2026 Passage \u00e0 l&#8217;Office du tourisme pour r\u00e9cup\u00e9rer le carnet de la Meuse \u00e0 V\u00e9lo que Mario m&#8217;a montr\u00e9\u2026 On m&#8217;y conseillera de visiter un escalier \ud83d\ude2f\u2026 de la renaissance, cela m&#8217;a parl\u00e9\u2026 alors, je l&#8217;ai mont\u00e9\u2026 Une tr\u00e8s longue pause pr\u00e8s d&#8217;un pont en pierre \u00e0 \u00e9couter les bruits d&#8217;eau, poissons et canards\u2026 et arriv\u00e9e chez Cl\u00e9ment, garde chasse\u2026 Nous avons beaucoup discuter nature, economie, gestion des bois et for\u00eat et la nuit fut un peu courte\u2026 Buen camino\u2026<\/p>\n","protected":false},"excerpt":{"rendered":"<p>Jour 13\u2026 72km\u2026 4h40\u2026 288m de mont\u00e9e\u2026 de la source \u00e0 la maison \ud83d\udc9a (enfin, pas tout de suite)\u2026 Je suis n\u00e9 \u00e0 quelques m\u00e8tres de la Meuse\u2026 Il fallait bien qu&#8217;un jour, j&#8217;apprenne \u00e0 mieux la conna\u00eetre\u2026 Lorsqu&#8217;on quitte [&hellip;]<\/p>\n","protected":false},"author":1,"featured_media":0,"comment_status":"open","ping_status":"open","sticky":false,"template":"","format":"standard","meta":{"footnotes":""},"categories":[1],"tags":[],"_links":{"self":[{"href":"https:\/\/lesfollesjourneesdedavid.be\/index.php?rest_route=\/wp\/v2\/posts\/369"}],"collection":[{"href":"https:\/\/lesfollesjourneesdedavid.be\/index.php?rest_route=\/wp\/v2\/posts"}],"about":[{"href":"https:\/\/lesfollesjourneesdedavid.be\/index.php?rest_route=\/wp\/v2\/types\/post"}],"author":[{"embeddable":true,"href":"https:\/\/lesfollesjourneesdedavid.be\/index.php?rest_route=\/wp\/v2\/users\/1"}],"replies":[{"embeddable":true,"href":"https:\/\/lesfollesjourneesdedavid.be\/index.php?rest_route=%2Fwp%2Fv2%2Fcomments&post=369"}],"version-history":[{"count":1,"href":"https:\/\/lesfollesjourneesdedavid.be\/index.php?rest_route=\/wp\/v2\/posts\/369\/revisions"}],"predecessor-version":[{"id":370,"href":"https:\/\/lesfollesjourneesdedavid.be\/index.php?rest_route=\/wp\/v2\/posts\/369\/revisions\/370"}],"wp:attachment":[{"href":"https:\/\/lesfollesjourneesdedavid.be\/index.php?rest_route=%2Fwp%2Fv2%2Fmedia&parent=369"}],"wp:term":[{"taxonomy":"category","embeddable":true,"href":"https:\/\/lesfollesjourneesdedavid.be\/index.php?rest_route=%2Fwp%2Fv2%2Fcategories&post=369"},{"taxonomy":"post_tag","embeddable":true,"href":"https:\/\/lesfollesjourneesdedavid.be\/index.php?rest_route=%2Fwp%2Fv2%2Ftags&post=369"}],"curies":[{"name":"wp","href":"https:\/\/api.w.org\/{rel}","templated":true}]}}