{"id":140,"date":"2018-05-31T11:15:22","date_gmt":"2018-05-31T09:15:22","guid":{"rendered":"http:\/\/lesfollesjourneesdedavid.be\/?p=140"},"modified":"2018-06-01T22:27:31","modified_gmt":"2018-06-01T20:27:31","slug":"140","status":"publish","type":"post","link":"https:\/\/lesfollesjourneesdedavid.be\/?p=140","title":{"rendered":"17\u00e8me \u00e9tape : Saint-Martin-Chateau &#8211; Lacelle 34km 2h10"},"content":{"rendered":"<p>17\u00e8me \u00e9tape&#8230; le soleil brille est sorti le matin&#8230; Apr\u00e8s le d\u00e9part de Jean-Pierre et Dominique, je suis mont\u00e9 au centre du village&#8230; une jolie ancienne \u00e9glise, un vieux cimeti\u00e8re, la mairie-bureau de poste&#8230;. 4 maisons&#8230; et c&#8217;est tout&#8230; L&#8217;endroit id\u00e9al pour s&#8217;\u00e9chapper du monde et \u00e9crire un livre&#8230;  De l\u00e0, je suis descendu sur Peyrat-le Chateau&#8230; et j&#8217;ai rattrap\u00e9 nos deux amis et la pluie&#8230; alors, on a pris un caf\u00e9 chez H\u00e9l\u00e8ne&#8230; c&#8217;\u00e9tait pas ouvert mais elle nous a servi quand m\u00eame&#8230; soleil pour red\u00e9marrer, direction Eymoutiers, repluie et arriv\u00e9 tremp\u00e9 au caf\u00e9 des copains d&#8217;abord&#8230; je sais plus trop ce que j&#8217;y ai mang\u00e9&#8230; mais je me rappelle du dessert, un Paris-Brest maison&#8230; La journ\u00e9e a bascul\u00e9&#8230; Pas eu beaucoup de coeur \u00e0 regarder le paysage&#8230; le gite est sympa, mais il m&#8217;a sembl\u00e9 froid&#8230; J&#8217;ai fait quelques courses car avec juste 140 habitants, ils arrivent \u00e0 avoir une \u00e9picerie, une boulangerie, deux bars et un espace culturel&#8230; F\u00e9licitations \u00e0 eux et merci pour l&#8217;accueil&#8230; Le soir, j&#8217;ai rencontr\u00e9 le responsable qui s&#8217;occupe du g\u00eete&#8230; et bien, c&#8217;est un ancien li\u00e9geois, papa d&#8217;une li\u00e9geoise et batteur \u00e0 ses heures&#8230; Vincent Gornot&#8230; le monde est tellement petit et li\u00e8ge tellement grand&#8230; hier soir, j&#8217;ai aussi contact\u00e9 un groupe de p\u00e8lerin de Compostelle pour qu&#8217;aujourd&#8217;hui, chaque p\u00e8lerin ait Saroya, Lucile et Cyril dans leur pens\u00e9e&#8230; ils sont plus de 200 \u00e0 avoir r\u00e9pondu&#8230;  Ultreia&#8230; Buen camino&#8230;<\/p>\n","protected":false},"excerpt":{"rendered":"<p>17\u00e8me \u00e9tape&#8230; le soleil brille est sorti le matin&#8230; Apr\u00e8s le d\u00e9part de Jean-Pierre et Dominique, je suis mont\u00e9 au centre du village&#8230; une jolie ancienne \u00e9glise, un vieux cimeti\u00e8re, la mairie-bureau de poste&#8230;. 4 maisons&#8230; et c&#8217;est tout&#8230; L&#8217;endroit [&hellip;]<\/p>\n","protected":false},"author":1,"featured_media":0,"comment_status":"open","ping_status":"open","sticky":false,"template":"","format":"standard","meta":{"footnotes":""},"categories":[1],"tags":[],"_links":{"self":[{"href":"https:\/\/lesfollesjourneesdedavid.be\/index.php?rest_route=\/wp\/v2\/posts\/140"}],"collection":[{"href":"https:\/\/lesfollesjourneesdedavid.be\/index.php?rest_route=\/wp\/v2\/posts"}],"about":[{"href":"https:\/\/lesfollesjourneesdedavid.be\/index.php?rest_route=\/wp\/v2\/types\/post"}],"author":[{"embeddable":true,"href":"https:\/\/lesfollesjourneesdedavid.be\/index.php?rest_route=\/wp\/v2\/users\/1"}],"replies":[{"embeddable":true,"href":"https:\/\/lesfollesjourneesdedavid.be\/index.php?rest_route=%2Fwp%2Fv2%2Fcomments&post=140"}],"version-history":[{"count":3,"href":"https:\/\/lesfollesjourneesdedavid.be\/index.php?rest_route=\/wp\/v2\/posts\/140\/revisions"}],"predecessor-version":[{"id":156,"href":"https:\/\/lesfollesjourneesdedavid.be\/index.php?rest_route=\/wp\/v2\/posts\/140\/revisions\/156"}],"wp:attachment":[{"href":"https:\/\/lesfollesjourneesdedavid.be\/index.php?rest_route=%2Fwp%2Fv2%2Fmedia&parent=140"}],"wp:term":[{"taxonomy":"category","embeddable":true,"href":"https:\/\/lesfollesjourneesdedavid.be\/index.php?rest_route=%2Fwp%2Fv2%2Fcategories&post=140"},{"taxonomy":"post_tag","embeddable":true,"href":"https:\/\/lesfollesjourneesdedavid.be\/index.php?rest_route=%2Fwp%2Fv2%2Ftags&post=140"}],"curies":[{"name":"wp","href":"https:\/\/api.w.org\/{rel}","templated":true}]}}